{"id":203403,"date":"2026-03-04T05:22:19","date_gmt":"2026-03-04T05:22:19","guid":{"rendered":"https:\/\/www.newsbeep.com\/us-ca\/203403\/"},"modified":"2026-03-04T05:22:19","modified_gmt":"2026-03-04T05:22:19","slug":"los-49ers-firman-a-ls-jon-weeks-a-una-extension-de-un-ano","status":"publish","type":"post","link":"https:\/\/www.newsbeep.com\/us-ca\/203403\/","title":{"rendered":"Los 49ers Firman a LS Jon Weeks a una Extensi\u00f3n de Un A\u00f1o"},"content":{"rendered":"<p>Los San Francisco 49ers anunciaron el d\u00eda de hoy que han firmado a LS <a class=\"nfl-o-cta--link nfl-o-cta--underline\" style=\"word-break: break-word\" href=\"https:\/\/www.49ers.com\/team\/players-roster\/jon-weeks\/\" title=\"Jon Weeks\" rel=\"nofollow noopener\" target=\"_blank\">Jon Weeks<\/a> a una extensi\u00f3n de un a\u00f1o.<\/p>\n<p>Weeks (1.77m, 109.7kg) lleg\u00f3 a la NFL inicialmente al firmar con los Houston Texans como agente libre no drafteado el 28 de abril de 2010. A trav\u00e9s de su carrera de 16 a\u00f1os (2010-25) con los Texans (2010-24) y 49ers (2025), Weeks ha aparecido en 261 partidos y ha registrado 42 tacleos de equipos especiales y un bal\u00f3n suelto recuperado en equipos especiales. Tambi\u00e9n ha aparecido en 16 partidos de postemporada registrando un tacleo en equipos especiales. Despu\u00e9s de firmar con los San Francisco como agente libre en 2025, Weeks apareci\u00f3 en 17 partidos con los 49ers en los que registr\u00f3 dos tacleos de equipos especiales y fue nombrado al segundo Pro-Bowl en su carrera (2016 &amp; 2026). Tambi\u00e9n apareci\u00f3 en dos partidos de postemporada.<\/p>\n<p>Originario de Bethpage, NY, de 40 a\u00f1os, Weeks asisti\u00f3 a la Universidad de Baylor (2004-07) donde jug\u00f3 34 partidos como long snapper y registr\u00f3 7 tacleos en equipos especiales.<\/p>\n","protected":false},"excerpt":{"rendered":"Los San Francisco 49ers anunciaron el d\u00eda de hoy que han firmado a LS Jon Weeks a una&hellip;\n","protected":false},"author":2,"featured_media":203404,"comment_status":"","ping_status":"","sticky":false,"template":"","format":"standard","meta":{"footnotes":""},"categories":[30],"tags":[10672,57559,10671,101,103,102,104,106,105,6610,10674],"class_list":{"0":"post-203403","1":"post","2":"type-post","3":"status-publish","4":"format-standard","5":"has-post-thumbnail","7":"category-san-francisco","8":"tag-espanol","9":"tag-jon-weeks","10":"tag-news-en-espanol","11":"tag-san-francisco","12":"tag-san-francisco-headlines","13":"tag-san-francisco-news","14":"tag-sf","15":"tag-sf-headlines","16":"tag-sf-news","17":"tag-spanish","18":"tag-spanish-article"},"_links":{"self":[{"href":"https:\/\/www.newsbeep.com\/us-ca\/wp-json\/wp\/v2\/posts\/203403","targetHints":{"allow":["GET"]}}],"collection":[{"href":"https:\/\/www.newsbeep.com\/us-ca\/wp-json\/wp\/v2\/posts"}],"about":[{"href":"https:\/\/www.newsbeep.com\/us-ca\/wp-json\/wp\/v2\/types\/post"}],"author":[{"embeddable":true,"href":"https:\/\/www.newsbeep.com\/us-ca\/wp-json\/wp\/v2\/users\/2"}],"replies":[{"embeddable":true,"href":"https:\/\/www.newsbeep.com\/us-ca\/wp-json\/wp\/v2\/comments?post=203403"}],"version-history":[{"count":0,"href":"https:\/\/www.newsbeep.com\/us-ca\/wp-json\/wp\/v2\/posts\/203403\/revisions"}],"wp:featuredmedia":[{"embeddable":true,"href":"https:\/\/www.newsbeep.com\/us-ca\/wp-json\/wp\/v2\/media\/203404"}],"wp:attachment":[{"href":"https:\/\/www.newsbeep.com\/us-ca\/wp-json\/wp\/v2\/media?parent=203403"}],"wp:term":[{"taxonomy":"category","embeddable":true,"href":"https:\/\/www.newsbeep.com\/us-ca\/wp-json\/wp\/v2\/categories?post=203403"},{"taxonomy":"post_tag","embeddable":true,"href":"https:\/\/www.newsbeep.com\/us-ca\/wp-json\/wp\/v2\/tags?post=203403"}],"curies":[{"name":"wp","href":"https:\/\/api.w.org\/{rel}","templated":true}]}}