{"id":229321,"date":"2026-03-21T00:05:28","date_gmt":"2026-03-21T00:05:28","guid":{"rendered":"https:\/\/www.newsbeep.com\/us-ca\/229321\/"},"modified":"2026-03-21T00:05:28","modified_gmt":"2026-03-21T00:05:28","slug":"sacramento-city-staff-cover-the-head-of-cesar-chavez-statue-at-plaza-downtown","status":"publish","type":"post","link":"https:\/\/www.newsbeep.com\/us-ca\/229321\/","title":{"rendered":"Sacramento city staff cover the head of C\u00e9sar Ch\u00e1vez statue at plaza downtown"},"content":{"rendered":"<p>\n\t\t\t\t\t\tA statue of C\u00e9sar Ch\u00e1vez is still standing \u2014 for now \u2014 at the downtown Sacramento park named after the labor and civil rights leader. But you can&#8217;t see his face. The city of Sacramento confirmed on Friday that the city manager directed maintenance staff to cover the head of the Ch\u00e1vez statue at  C\u00e9sar Ch\u00e1vez Plaza following sexual abuse allegations against Ch\u00e1vez. As of Thursday night, a piece of fabric was seen covering the top of the statue. \u201cIt is important that our City provides space for individuals who may have been victimized,\u201d spokesperson Gabby Miller said. \u201cThe City remains committed to an open and transparent process that reflects community values and established policy. As we move forward, we will remain mindful of the impact these conversations may have on our community and ensure that our actions and communication reflect our commitment to inclusivity and respect for everyone.\u201dSacramento city leaders are planning rename the plaza.On Wednesday, Sacramento Mayor Kevin McCarty said he would appoint a City Council subcommittee to rename the plaza comprised of Vice Mayor Karina Talamantes, Mayor Pro Tem Eric Guerra, and Councilmember Phil Pluckebaum.The announcement came hours after The New York Times&#8217; multi-year investigation into Chavez&#8217;s alleged sexual misconduct.The report included interviews with two women who said Ch\u00e1vez molested them while they were underage in the 1970s. Dolores Huerta, who co-founded the nation&#8217;s largest farmworkers union alongside Ch\u00e1vez, also said that Ch\u00e1vez sexually assaulted her. She said she had two children in secret after two sexual encounters with him.See more coverage of top California stories here | Download our app | Subscribe to our morning newsletter | Find us on YouTube here and subscribe to our channel\n\t\t\t\t\t<\/p>\n<p>\t\t\t\t\t\tSACRAMENTO, Calif. \u2014 \t\t\t\t\t\t\t\t\t\t\t\t\t<\/p>\n<p>A statue of C\u00e9sar Ch\u00e1vez is still standing \u2014 for now \u2014 at the downtown Sacramento park named after the labor and civil rights leader. But you can&#8217;t see his face. <\/p>\n<p>The city of Sacramento confirmed on Friday that the city manager directed maintenance staff to cover the head of the Ch\u00e1vez statue at  C\u00e9sar Ch\u00e1vez Plaza following sexual abuse allegations against Ch\u00e1vez. <\/p>\n<p>As of Thursday night, a piece of fabric was seen covering the top of the statue. <\/p>\n<p>\t\t<img decoding=\"async\" class=\" aspect-ratio-original lazyload lazyload-in-view\" alt=\"Statue covered\" title=\"Statue covered\" src=\"https:\/\/www.newsbeep.com\/us-ca\/wp-content\/uploads\/2026\/03\/chavez-statue-3-69bdd9020446b.png\"\/><\/p>\n<p>\u201cIt is important that our City provides space for individuals who may have been victimized,\u201d spokesperson Gabby Miller said. \u201cThe City remains committed to an open and transparent process that reflects community values and established policy. As we move forward, we will remain mindful of the impact these conversations may have on our community and ensure that our actions and communication reflect our commitment to inclusivity and respect for everyone.\u201d<\/p>\n<p>Sacramento city leaders are planning rename the plaza.<\/p>\n<p>\t\t<img decoding=\"async\" class=\" aspect-ratio-original lazyload lazyload-in-view\" alt=\"Statue covered\" title=\"Statue covered\" src=\"https:\/\/www.newsbeep.com\/us-ca\/wp-content\/uploads\/2026\/03\/chavez-statue-covered-69bdd9214cb83.png\"\/><\/p>\n<p>On Wednesday, Sacramento Mayor Kevin McCarty said he would appoint a City Council subcommittee to rename the plaza comprised of Vice Mayor Karina Talamantes, Mayor Pro Tem Eric Guerra, and Councilmember Phil Pluckebaum.<\/p>\n<p>The announcement came hours after The <a href=\"https:\/\/www.nytimes.com\/2026\/03\/18\/us\/cesar-chavez-sexual-abuse-allegations-ufw.html?unlocked_article_code=1.UFA.M5yd.jFFmQC-OUmwc&amp;smid=nytcore-ios-share\" rel=\"nofollow noopener\" target=\"_blank\">New York Times&#8217; multi-year investigation<\/a> into Chavez&#8217;s alleged sexual misconduct.<\/p>\n<p>The report included interviews with two women who said Ch\u00e1vez molested them while they were underage in the 1970s. <\/p>\n<p>Dolores Huerta, who co-founded the nation&#8217;s largest farmworkers union alongside Ch\u00e1vez, also said that Ch\u00e1vez sexually assaulted her. She said she had two children in secret after two sexual encounters with him.<\/p>\n<p><a href=\"https:\/\/www.kcra.com\/\" rel=\"nofollow noopener\" target=\"_blank\">See more coverage of top California stories here<\/a> | <a href=\"https:\/\/www.kcra.com\/article\/get-kcra-news-on-the-go-download\/44039145\" rel=\"nofollow noopener\" target=\"_blank\">Download our app<\/a> | <a href=\"https:\/\/www.kcra.com\/subscribe\" rel=\"nofollow noopener\" target=\"_blank\">Subscribe to our morning newsletter<\/a> | <a href=\"https:\/\/www.youtube.com\/@KCRA\" rel=\"nofollow noopener\" target=\"_blank\">Find us on YouTube here and subscribe to our channel<\/a><\/p>\n","protected":false},"excerpt":{"rendered":"A statue of C\u00e9sar Ch\u00e1vez is still standing \u2014 for now \u2014 at the downtown Sacramento park named&hellip;\n","protected":false},"author":2,"featured_media":229322,"comment_status":"","ping_status":"","sticky":false,"template":"","format":"standard","meta":{"footnotes":""},"categories":[32],"tags":[8108,2820,16847,104169,38513,1409,22091,104171,36294,2882,67851,1520,104172,44271,104168,121,104170,123,122,13562],"class_list":["post-229321","post","type-post","status-publish","format-standard","has-post-thumbnail","category-sacramento","tag-announcement","tag-app","tag-cesar-chavez","tag-cesar-chavez-statue","tag-chavez","tag-city","tag-commitment","tag-community-value","tag-head","tag-hour","tag-inclusivity","tag-interview","tag-multi-year-investigation","tag-new-york-times","tag-plaza-downtown","tag-sacramento","tag-sacramento-city-staff","tag-sacramento-headlines","tag-sacramento-news","tag-statue"],"_links":{"self":[{"href":"https:\/\/www.newsbeep.com\/us-ca\/wp-json\/wp\/v2\/posts\/229321","targetHints":{"allow":["GET"]}}],"collection":[{"href":"https:\/\/www.newsbeep.com\/us-ca\/wp-json\/wp\/v2\/posts"}],"about":[{"href":"https:\/\/www.newsbeep.com\/us-ca\/wp-json\/wp\/v2\/types\/post"}],"author":[{"embeddable":true,"href":"https:\/\/www.newsbeep.com\/us-ca\/wp-json\/wp\/v2\/users\/2"}],"replies":[{"embeddable":true,"href":"https:\/\/www.newsbeep.com\/us-ca\/wp-json\/wp\/v2\/comments?post=229321"}],"version-history":[{"count":0,"href":"https:\/\/www.newsbeep.com\/us-ca\/wp-json\/wp\/v2\/posts\/229321\/revisions"}],"wp:featuredmedia":[{"embeddable":true,"href":"https:\/\/www.newsbeep.com\/us-ca\/wp-json\/wp\/v2\/media\/229322"}],"wp:attachment":[{"href":"https:\/\/www.newsbeep.com\/us-ca\/wp-json\/wp\/v2\/media?parent=229321"}],"wp:term":[{"taxonomy":"category","embeddable":true,"href":"https:\/\/www.newsbeep.com\/us-ca\/wp-json\/wp\/v2\/categories?post=229321"},{"taxonomy":"post_tag","embeddable":true,"href":"https:\/\/www.newsbeep.com\/us-ca\/wp-json\/wp\/v2\/tags?post=229321"}],"curies":[{"name":"wp","href":"https:\/\/api.w.org\/{rel}","templated":true}]}}