{"id":286022,"date":"2026-04-25T21:59:28","date_gmt":"2026-04-25T21:59:28","guid":{"rendered":"https:\/\/www.newsbeep.com\/us-ca\/286022\/"},"modified":"2026-04-25T21:59:28","modified_gmt":"2026-04-25T21:59:28","slug":"los-49ers-seleccionan-a-ol-carver-willis-con-el-pick-no-127-en-el-nfl-draft-2026","status":"publish","type":"post","link":"https:\/\/www.newsbeep.com\/us-ca\/286022\/","title":{"rendered":"Los 49ers Seleccionan a OL Carver Willis con el Pick No. 127 en el NFL Draft 2026"},"content":{"rendered":"<p>Los San Francisco 49ers han seleccionado al liniero ofensivo <a class=\"nfl-o-cta--link nfl-o-cta--underline\" href=\"https:\/\/www.49ers.com\/team\/players-roster\/carver-willis\/\" title=\"Carver Willis\" rel=\"nofollow noopener\" target=\"_blank\">Carver Willis<\/a> de la Universidad de Washington con la selecci\u00f3n general no. 127 en el NFL Draft 2026.<\/p>\n<p>Willis particip\u00f3 seis temporadas en el football colegial. Cinco de ellas en Kansas State y una en la Universidad de Washington. Willis lleg\u00f3 a los Huskies en 2025 y emergi\u00f3 como un tackle ancla en la l\u00ednea, obteniendo la menci\u00f3n honor\u00edfica All-Big Ten como titular principal. Willis fue pieza clave en reducir los sacks del equipo a la mitad y en crear carriles para mejorar el ataque por tierra.<\/p>\n<p>En el <a class=\"nfl-o-cta--link nfl-o-cta--underline\" style=\"word-break:break-word\" href=\"https:\/\/www.nfl.com\/prospects\/carver-willis\/32005749-4c59-7533-d219-46af4a7076b3\" target=\"_blank\" rel=\"nofollow noopener\">NFL Combine<\/a>, Willis demostr\u00f3 habilidades atl\u00e9ticas y motrices que lo convierten en un gran prospecto de l\u00ednea ofensiva en la clase del 2026. De 1.96m y 137.4kg, corri\u00f3 un 5.11 en la prueba de 40 yardas y registr\u00f3 un salto de longitud de 2.74m. Impresion\u00f3 a los scouts con rapidez en su primer paso, fluidez en el espacio y habilidad de generar poder en el punto de ataque.<\/p>\n","protected":false},"excerpt":{"rendered":"Los San Francisco 49ers han seleccionado al liniero ofensivo Carver Willis de la Universidad de Washington con la&hellip;\n","protected":false},"author":2,"featured_media":286023,"comment_status":"","ping_status":"","sticky":false,"template":"","format":"standard","meta":{"footnotes":""},"categories":[30],"tags":[51513,122452,10672,10671,101,103,102,104,106,105,6610,10674],"class_list":{"0":"post-286022","1":"post","2":"type-post","3":"status-publish","4":"format-standard","5":"has-post-thumbnail","7":"category-san-francisco","8":"tag-brooke-evans","9":"tag-carver-willis","10":"tag-espanol","11":"tag-news-en-espanol","12":"tag-san-francisco","13":"tag-san-francisco-headlines","14":"tag-san-francisco-news","15":"tag-sf","16":"tag-sf-headlines","17":"tag-sf-news","18":"tag-spanish","19":"tag-spanish-article"},"_links":{"self":[{"href":"https:\/\/www.newsbeep.com\/us-ca\/wp-json\/wp\/v2\/posts\/286022","targetHints":{"allow":["GET"]}}],"collection":[{"href":"https:\/\/www.newsbeep.com\/us-ca\/wp-json\/wp\/v2\/posts"}],"about":[{"href":"https:\/\/www.newsbeep.com\/us-ca\/wp-json\/wp\/v2\/types\/post"}],"author":[{"embeddable":true,"href":"https:\/\/www.newsbeep.com\/us-ca\/wp-json\/wp\/v2\/users\/2"}],"replies":[{"embeddable":true,"href":"https:\/\/www.newsbeep.com\/us-ca\/wp-json\/wp\/v2\/comments?post=286022"}],"version-history":[{"count":0,"href":"https:\/\/www.newsbeep.com\/us-ca\/wp-json\/wp\/v2\/posts\/286022\/revisions"}],"wp:featuredmedia":[{"embeddable":true,"href":"https:\/\/www.newsbeep.com\/us-ca\/wp-json\/wp\/v2\/media\/286023"}],"wp:attachment":[{"href":"https:\/\/www.newsbeep.com\/us-ca\/wp-json\/wp\/v2\/media?parent=286022"}],"wp:term":[{"taxonomy":"category","embeddable":true,"href":"https:\/\/www.newsbeep.com\/us-ca\/wp-json\/wp\/v2\/categories?post=286022"},{"taxonomy":"post_tag","embeddable":true,"href":"https:\/\/www.newsbeep.com\/us-ca\/wp-json\/wp\/v2\/tags?post=286022"}],"curies":[{"name":"wp","href":"https:\/\/api.w.org\/{rel}","templated":true}]}}