{"id":190218,"date":"2026-03-13T14:26:12","date_gmt":"2026-03-13T14:26:12","guid":{"rendered":"https:\/\/www.newsbeep.com\/us-fl\/190218\/"},"modified":"2026-03-13T14:26:12","modified_gmt":"2026-03-13T14:26:12","slug":"cuba-says-it-will-release-51-prisoners","status":"publish","type":"post","link":"https:\/\/www.newsbeep.com\/us-fl\/190218\/","title":{"rendered":"Cuba says it will release 51 prisoners"},"content":{"rendered":"<p>            <img loading=\"lazy\" decoding=\"async\" class=\"responsive-image\" src=\"https:\/\/www.newsbeep.com\/us-fl\/wp-content\/uploads\/2026\/03\/HCP3c-CWYAAoL-Z.jpeg\"   width=\"1140\" height=\"641\" title=\"Pope Leo met with Cuba\u2019s foreign minister, Bruno Rodriguez, in the Vatican last month.\" alt=\"Pope Leo met with Cuba\u2019s foreign minister, Bruno Rodriguez, in the Vatican last month.\"\/><\/p>\n<p>        Pope Leo met with Cuba\u2019s foreign minister, Bruno Rodriguez, in the Vatican last month.<\/p>\n<p>            Bruno Rodriguez on X.<\/p>\n<p>The Cuban government said Thursday night it is releasing 51 prisoners as a gesture of \u201cgood will\u201d with the Vatican amid heightened pressure from the Trump administration to agree to economic and political changes on the island.<\/p>\n<p>\u201cIn the spirit of good will and the close and fluid relations between the Cuban State and the Vatican, with which communication has historically been maintained regarding the review and release of prisoners, the Cuban Government has decided to release 51 people sentenced to imprisonment in the coming days,\u201d a government statement said.<\/p>\n<p>The statement did not include the details of the prisoners who will be released, but said that \u201call have served a significant portion of their sentences and have maintained good conduct in prison.\u201d<\/p>\n<p>It is unclear if this is a one-time gesture or if the Cuban government will continue releasing more of the over 1,000 political prisoners human-rights groups said are currently incarcerated. Cuba does not acknowledge that it holds political prisoners.<\/p>\n<p>Cuba has usually released political prisoners amid negotiations with the United States, most recently in January 2025 when it freed 553 prisoners as \u201ca gesture\u201d to Pope Francis as part of a deal cut with the Biden administration, which removed Cuba from the U.S. list of nations that sponsor terrorism. But only a few dozen political prisoners were released at the time and some were imprisoned again later, like dissidents Jose Daniel Ferrer and Felix Navarro.<\/p>\n<p>Ferrer was finally released last year but sent into exile in the United States as a condition for his liberation. Navarro, his daughter Saily Navarro and other prominent dissidents like artist Luis Manuel Otero Alcantara and musician Maykel Castillo, all convicted for participating in islandwide demonstrations against the government on July 11, 2021, are still in prison.<\/p>\n<p>The Cuban government said that the release of the 51 prisoners was a \u201csovereign decision\u201d that \u201cis a common practice in our criminal justice system and has characterized the humanitarian trajectory of the Revolution, which this time coincides with the proximity of the religious celebrations of Holy Week.\u201d<\/p>\n<p>The Vatican has said it is involved in efforts to mediate between Cuban leaders and the United States, after the head of the U.S. Embassy in Havana, Mike Hammer, and Cuba\u2019s foreign minister Bruno Rodriguez visited Rome. Italian media reported that Rodriguez, who traveled to Rome as a special envoy of Cubans leader Miguel D\u00edaz-Canel, asked Pope Leo to mediate in talks with the United States.<\/p>\n<p>\u201cFor Cuba as well, we have done what we had to do, we met with the foreign minister and we took the necessary steps, always with a view to a dialogue-based solution to the problems that exist,\u201d Vatican Secretary of State Cardinal Pietro Parolin said in comments to several media outlets in Rome on Monday.<\/p>\n<p>The announcement of the prisoners\u2019 release came shortly after Cuban state media announced that D\u00edaz-Canel will hold a televised press conference at 7:30 a.m. Friday, an unusual time for such events on the island.<\/p>\n<p>After cutting oil supplies from Mexico and Venezuela to the island, President Donald Trump has urged Cuban authorities to make a deal with the United States. <a target=\"_blank\" rel=\"Follow nofollow noopener\" href=\"https:\/\/www.miamiherald.com\/news\/nation-world\/world\/americas\/cuba\/article315016707.html\">His administration is in conversations<\/a> with several people close to Cuba\u2019s ultimate authority, Ra\u00fal Castro, the Miami Herald has previously reported.<\/p>\n<p>In recent days, Trump has reiterated his belief Cuba was \u201cat the end of the line\u201d and its government was about to \u201cfall.\u201d He has also insinuated the United States would \u201ctake over\u201d the island.<\/p>\n<p class=\"summary gray\">This story was originally published March 12, 2026 at 9:46 PM.<\/p>\n<p>                <a href=\"https:\/\/www.miamiherald.com\/profile\/218531605\/\" rel=\"nofollow noopener\" target=\"_blank\"><br \/>\n                        <img decoding=\"async\" class=\"author-thumb\" src=\"https:\/\/www.newsbeep.com\/us-fl\/wp-content\/uploads\/2026\/03\/IMG_87_Nora_Gamez_Torres_2_1_QUBULALR_L329712315.jpeg\" width=\"400\" height=\"400\" alt=\"Profile Image of Nora G\u00e1mez Torres\" loading=\"lazy\"\/><br \/>\n                    <\/a><\/p>\n<p>                <a class=\"author-name\" href=\"https:\/\/www.miamiherald.com\/profile\/218531605\/\" rel=\"nofollow noopener\" target=\"_blank\">Nora G\u00e1mez Torres<\/a><\/p>\n<p>                    el Nuevo Herald<\/p>\n<p>            Nora G\u00e1mez Torres is the Cuba\/U.S.-Latin American policy reporter for el Nuevo Herald and the Miami Herald. She studied journalism and media and communications in Havana and London. She holds a Ph.D. in sociology from City, University of London. Her work has won awards by the Florida Society of News Editors and the Society for Professional Journalists.\/\/Nora G\u00e1mez Torres estudi\u00f3 periodismo y comunicaci\u00f3n en La Habana y Londres. Tiene un doctorado en sociolog\u00eda y desde el 2014 cubre temas cubanos para el Nuevo Herald y el Miami Herald. Tambi\u00e9n reporta sobre la pol\u00edtica de Estados Unidos hacia Am\u00e9rica Latina. Su trabajo ha sido reconocido con premios de Florida Society of News Editors y Society for Profesional Journalists.\n            <\/p>\n","protected":false},"excerpt":{"rendered":"Pope Leo met with Cuba\u2019s foreign minister, Bruno Rodriguez, in the Vatican last month. Bruno Rodriguez on X.&hellip;\n","protected":false},"author":2,"featured_media":190219,"comment_status":"","ping_status":"","sticky":false,"template":"","format":"standard","meta":{"footnotes":""},"categories":[9],"tags":[1016,123,125,124,6676,2684,88856],"class_list":["post-190218","post","type-post","status-publish","format-standard","has-post-thumbnail","category-miami","tag-cuba","tag-miami","tag-miami-headlines","tag-miami-news","tag-prisoners","tag-trump","tag-vatican"],"_links":{"self":[{"href":"https:\/\/www.newsbeep.com\/us-fl\/wp-json\/wp\/v2\/posts\/190218","targetHints":{"allow":["GET"]}}],"collection":[{"href":"https:\/\/www.newsbeep.com\/us-fl\/wp-json\/wp\/v2\/posts"}],"about":[{"href":"https:\/\/www.newsbeep.com\/us-fl\/wp-json\/wp\/v2\/types\/post"}],"author":[{"embeddable":true,"href":"https:\/\/www.newsbeep.com\/us-fl\/wp-json\/wp\/v2\/users\/2"}],"replies":[{"embeddable":true,"href":"https:\/\/www.newsbeep.com\/us-fl\/wp-json\/wp\/v2\/comments?post=190218"}],"version-history":[{"count":0,"href":"https:\/\/www.newsbeep.com\/us-fl\/wp-json\/wp\/v2\/posts\/190218\/revisions"}],"wp:featuredmedia":[{"embeddable":true,"href":"https:\/\/www.newsbeep.com\/us-fl\/wp-json\/wp\/v2\/media\/190219"}],"wp:attachment":[{"href":"https:\/\/www.newsbeep.com\/us-fl\/wp-json\/wp\/v2\/media?parent=190218"}],"wp:term":[{"taxonomy":"category","embeddable":true,"href":"https:\/\/www.newsbeep.com\/us-fl\/wp-json\/wp\/v2\/categories?post=190218"},{"taxonomy":"post_tag","embeddable":true,"href":"https:\/\/www.newsbeep.com\/us-fl\/wp-json\/wp\/v2\/tags?post=190218"}],"curies":[{"name":"wp","href":"https:\/\/api.w.org\/{rel}","templated":true}]}}