{"id":103558,"date":"2026-01-17T21:40:14","date_gmt":"2026-01-17T21:40:14","guid":{"rendered":"https:\/\/www.newsbeep.com\/us-ny\/103558\/"},"modified":"2026-01-17T21:40:14","modified_gmt":"2026-01-17T21:40:14","slug":"new-york-city-fc-loans-defender-mitja-ilenic-to-rakow-czestochowa","status":"publish","type":"post","link":"https:\/\/www.newsbeep.com\/us-ny\/103558\/","title":{"rendered":"New York City FC Loans Defender Mitja Ileni\u010d to Rak\u00f3w Cz\u0119stochowa"},"content":{"rendered":"<p>New York City FC today announced that the Club has loaned Defender Mitja\u00a0Ileni\u010d\u00a0to Polish side\u00a0Rak\u00f3w\u00a0Cz\u0119stochowa\u00a0through\u00a0December\u00a02026.\u00a0<\/p>\n<p>Since joining New York City FC in 2023, the Slovenian Defender appeared in 75 matches across three seasons. Ileni\u010d scored three goals, recorded five assists, and logged 4,326 minutes for the \u2018Boys in Blue.\u2019\u00a0<\/p>\n<p>\u201cWe support Mitja\u2019s desire to return to Europe and\u00a0would like to thank Mitja for all of his contributions to the Club,\u201d said Sporting Director Todd Dunivant.\u00a0\u201cThis move provides us with additional roster flexibility as we continue to build the squad ahead of the 2026 season.\u201d\u00a0<\/p>\n<p>Ileni\u010d\u00a0made a significant impact during the 2024 Audi MLS Cup Playoffs. In Game 2 of the Round One Best-of-3 series against FC Cincinnati, the Defender recorded an assist in a 2\u20130 victory.\u00a0Ileni\u010d\u00a0then converted the decisive penalty in Game 3 following a scoreless draw, sealing a 6\u20135 shootout\u00a0win\u00a0for the \u2018Boys in Blue,\u2019 which propelled the Club into the Eastern Conference Semifinals. \u00a0<\/p>\n<p>\u201cI want to thank New York City FC for the opportunity and for everything during my time with the Club,\u201d said Defender Mitja\u00a0Ileni\u010d. \u201cI\u2019m\u00a0grateful to my teammates, coaches, and the staff for their support, and\u00a0I\u2019ll\u00a0always appreciate my time in New York.\u00a0I\u2019m\u00a0looking forward to this next challenge in Europe and wish the team the best as it prepares for the 2026 season.\u201d\u00a0<\/p>\n<p>New York City FC thanks Mitja for his contributions to the Club wishes him\u00a0the best\u00a0in\u00a0Poland.\u00a0\u00a0<\/p>\n<p>Transaction:\u00a0New York City FC loans Defender Mitja\u00a0Ileni\u010d\u00a0to\u00a0Rak\u00f3w\u00a0Cz\u0119stochowa\u00a0through\u00a0December 2026.<\/p>\n","protected":false},"excerpt":{"rendered":"New York City FC today announced that the Club has loaned Defender Mitja\u00a0Ileni\u010d\u00a0to Polish side\u00a0Rak\u00f3w\u00a0Cz\u0119stochowa\u00a0through\u00a0December\u00a02026.\u00a0 Since joining New&hellip;\n","protected":false},"author":2,"featured_media":103559,"comment_status":"","ping_status":"","sticky":false,"template":"","format":"standard","meta":{"footnotes":""},"categories":[8],"tags":[9,24,55,54,12,56,1526],"class_list":{"0":"post-103558","1":"post","2":"type-post","3":"status-publish","4":"format-standard","5":"has-post-thumbnail","7":"category-new-york-city","8":"tag-new-york","9":"tag-new-york-city","10":"tag-new-york-city-headlines","11":"tag-new-york-city-news","12":"tag-news","13":"tag-ny","14":"tag-transactions"},"_links":{"self":[{"href":"https:\/\/www.newsbeep.com\/us-ny\/wp-json\/wp\/v2\/posts\/103558","targetHints":{"allow":["GET"]}}],"collection":[{"href":"https:\/\/www.newsbeep.com\/us-ny\/wp-json\/wp\/v2\/posts"}],"about":[{"href":"https:\/\/www.newsbeep.com\/us-ny\/wp-json\/wp\/v2\/types\/post"}],"author":[{"embeddable":true,"href":"https:\/\/www.newsbeep.com\/us-ny\/wp-json\/wp\/v2\/users\/2"}],"replies":[{"embeddable":true,"href":"https:\/\/www.newsbeep.com\/us-ny\/wp-json\/wp\/v2\/comments?post=103558"}],"version-history":[{"count":0,"href":"https:\/\/www.newsbeep.com\/us-ny\/wp-json\/wp\/v2\/posts\/103558\/revisions"}],"wp:featuredmedia":[{"embeddable":true,"href":"https:\/\/www.newsbeep.com\/us-ny\/wp-json\/wp\/v2\/media\/103559"}],"wp:attachment":[{"href":"https:\/\/www.newsbeep.com\/us-ny\/wp-json\/wp\/v2\/media?parent=103558"}],"wp:term":[{"taxonomy":"category","embeddable":true,"href":"https:\/\/www.newsbeep.com\/us-ny\/wp-json\/wp\/v2\/categories?post=103558"},{"taxonomy":"post_tag","embeddable":true,"href":"https:\/\/www.newsbeep.com\/us-ny\/wp-json\/wp\/v2\/tags?post=103558"}],"curies":[{"name":"wp","href":"https:\/\/api.w.org\/{rel}","templated":true}]}}