{"id":128319,"date":"2026-02-10T01:51:15","date_gmt":"2026-02-10T01:51:15","guid":{"rendered":"https:\/\/www.newsbeep.com\/us-ny\/128319\/"},"modified":"2026-02-10T01:51:15","modified_gmt":"2026-02-10T01:51:15","slug":"city-center-to-present-25th-flamenco-festival","status":"publish","type":"post","link":"https:\/\/www.newsbeep.com\/us-ny\/128319\/","title":{"rendered":"City Center to Present 25th Flamenco Festival"},"content":{"rendered":"<p>            \ud83c\udfad NEW! Off-Broadway Theatre Newsletter<\/p>\n<p class=\"newsletter-subtitle\" style=\"color: #cccccc; font-size: 16px; margin: 0 0 20px 0; line-height: 1.5; font-family: 'Arial', sans-serif;\">\n            Get all the top news &amp; discounts for Off-Broadway &amp; beyond.\n        <\/p>\n<p>For 25 years, the Flamenco Festival has been a bridge connecting Spain\u2019s most passionate art form and the city that never sleeps. This landmark edition celebrates these deep ties with an incredible two-week lineup of legends and rising stars direct from Spain.<\/p>\n<p>            \ud83c\udfad NEW! Off-Broadway Theatre Newsletter<\/p>\n<p class=\"newsletter-subtitle\" style=\"color: #cccccc; font-size: 16px; margin: 0 0 20px 0; line-height: 1.5; font-family: 'Arial', sans-serif;\">\n            Get all the top news &amp; discounts for Off-Broadway &amp; beyond.\n        <\/p>\n<p>Week one ignites with the dazzling Gala Flamenca, the heart of Flamenco Festival, directed by the trailblazing and internationally celebrated Manuel Li\u00f1\u00e1n who also appears onstage. This evening unites an extraordinary constellation of flamenco royalty. Olivier Award winner Eva Yerbabuena, El Farru, and Juan Tom\u00e1s de la Mol\u00eda, come together.<\/p>\n<p>Also in week one, Spain National Dance Award (2019) recipients Est\u00e9vez \/ Pa\u00f1os y Compa\u00f1\u00eda present La Confluencia. \u201cIntense and vibrant,\u201d (El Pa\u00eds) the work showcases the breathtaking range and expressive power of the male flamenco dancer, as five electrifying performers take the audience on a voyage through flamenco\u2019s roots.\u00a0<\/p>\n<p>Week two features Olivier Award winner Sara Baras, \u201ca bona fide flamenco star.\u201d (The Times) She brings Vuela, a choreographic journey that pays tribute to the great flamenco guitarist Paco de Luc\u00eda. Baras directs and performs in this cinematic work in four acts, which features 12 members of her company Ballet Flamenco Sara Baras who are also celebrating their 25th anniversary. \u00a0<\/p>\n<p>25TH FLAMENCO FESTIVAL<\/p>\n<p>WEEK 1 | FEB 26 \u2013 MAR 1, 2026<\/p>\n<p>Gala Flamenca<br \/>&#13;<br \/>\nThu 7:30pm<\/p>\n<p>Est\u00e9vez \/ Pa\u00f1os y Compa\u00f1\u00eda<br \/>&#13;<br \/>\nFri 7:30pm<\/p>\n<p>Gala Flamenca<br \/>&#13;<br \/>\nSat 7:30pm, Sun 2pm<\/p>\n<p>WEEK 2 | MAR 5 \u2013 8, 2026<\/p>\n<p>Pre-Show Dance Lesson Fri Mar 6, 6:30pm<\/p>\n<p>Sara Baras<br \/>&#13;<br \/>\nThu &#8211; Sat 7:30pm, Sun 2pm<\/p>\n<p><\/p>\n","protected":false},"excerpt":{"rendered":"\ud83c\udfad NEW! Off-Broadway Theatre Newsletter Get all the top news &amp; discounts for Off-Broadway &amp; beyond. For 25&hellip;\n","protected":false},"author":2,"featured_media":128320,"comment_status":"","ping_status":"","sticky":false,"template":"","format":"standard","meta":{"footnotes":""},"categories":[35],"tags":[75,84,83,9,24,63],"class_list":{"0":"post-128319","1":"post","2":"type-post","3":"status-publish","4":"format-standard","5":"has-post-thumbnail","7":"category-manhattan","8":"tag-manhattan","9":"tag-manhattan-headlines","10":"tag-manhattan-news","11":"tag-new-york","12":"tag-new-york-city","13":"tag-nyc"},"_links":{"self":[{"href":"https:\/\/www.newsbeep.com\/us-ny\/wp-json\/wp\/v2\/posts\/128319","targetHints":{"allow":["GET"]}}],"collection":[{"href":"https:\/\/www.newsbeep.com\/us-ny\/wp-json\/wp\/v2\/posts"}],"about":[{"href":"https:\/\/www.newsbeep.com\/us-ny\/wp-json\/wp\/v2\/types\/post"}],"author":[{"embeddable":true,"href":"https:\/\/www.newsbeep.com\/us-ny\/wp-json\/wp\/v2\/users\/2"}],"replies":[{"embeddable":true,"href":"https:\/\/www.newsbeep.com\/us-ny\/wp-json\/wp\/v2\/comments?post=128319"}],"version-history":[{"count":0,"href":"https:\/\/www.newsbeep.com\/us-ny\/wp-json\/wp\/v2\/posts\/128319\/revisions"}],"wp:featuredmedia":[{"embeddable":true,"href":"https:\/\/www.newsbeep.com\/us-ny\/wp-json\/wp\/v2\/media\/128320"}],"wp:attachment":[{"href":"https:\/\/www.newsbeep.com\/us-ny\/wp-json\/wp\/v2\/media?parent=128319"}],"wp:term":[{"taxonomy":"category","embeddable":true,"href":"https:\/\/www.newsbeep.com\/us-ny\/wp-json\/wp\/v2\/categories?post=128319"},{"taxonomy":"post_tag","embeddable":true,"href":"https:\/\/www.newsbeep.com\/us-ny\/wp-json\/wp\/v2\/tags?post=128319"}],"curies":[{"name":"wp","href":"https:\/\/api.w.org\/{rel}","templated":true}]}}