{"id":50897,"date":"2025-12-03T09:41:13","date_gmt":"2025-12-03T09:41:13","guid":{"rendered":"https:\/\/www.newsbeep.com\/us-pa\/50897\/"},"modified":"2025-12-03T09:41:13","modified_gmt":"2025-12-03T09:41:13","slug":"peace-light-of-bethlehem-2025-carry-the-light-of-hope","status":"publish","type":"post","link":"https:\/\/www.newsbeep.com\/us-pa\/50897\/","title":{"rendered":"Peace Light of Bethlehem 2025: \u201cCarry the Light of Hope\u201d"},"content":{"rendered":"<p>The Peace Light of Bethlehem arrives in Brno this weekend. From there, the Flame of Hope will be distributed by Scouts a week later to all regions of the Czech Republic.<\/p>\n<p>This year, the Peace Light reaches Brno on 6 December. The following weekend, Scouts will carry it across the entire country and into thousands of households. For decades, the flame has symbolised peace, understanding, and festive togetherness, and in 2025, Czech Scouts will bring it into the country for the 36th time.<\/p>\n<p>As usual, a Czech delegation \u2013 led by two traditional \u201cLight Bearers\u201d \u2013 will receive the Peace Light at an ecumenical ceremony in Linz, Austria. From there, it will travel via Vienna and B\u0159eclav to Brno, arriving at the main railway station on the same evening: Czech Railways\u2019 EC 272 Metropolitan is expected at 19:36.<\/p>\n<p><img fetchpriority=\"high\" decoding=\"async\" width=\"900\" height=\"601\" src=\"https:\/\/www.newsbeep.com\/us-pa\/wp-content\/uploads\/2025\/12\/svetlo2025.jpg\" alt=\"\" class=\"wp-image-9453\"  \/>Foto: Betl\u00e9msk\u00e9 sv\u011btlo<\/p>\n<p>Ceremonial celebration at St. Peter and Paul Cathedral in Brno<\/p>\n<p>On Sunday, 7 December, the Peace Light of Bethlehem will be presented to the public in Brno for the first time, at an ecumenical ceremony in the Cathedral of St. Peter and Paul (Dom Petrov). The event begins at 16:00 and will last approximately one hour. It will feature the youth choir SBM under the direction of \u0160t\u011bp\u00e1n Policer, with the evening hosted by actor and presenter Igor Dost\u00e1lek. The ceremony is open to all visitors. However, it will not yet be possible to take the light home that weekend; this opportunity will be available a week later.<\/p>\n<p>From Brno to all regions of the country<\/p>\n<p>Traditionally, the Peace Light of Bethlehem sets off on its nationwide journey on the morning of Saturday, 13 December. Volunteer Scout couriers distribute the flame by train to all regions of the Czech Republic. Within a single day, the light reaches hundreds of towns and communities, with the last trains arriving at their destinations around 18:00.<\/p>\n<p><img loading=\"lazy\" decoding=\"async\" width=\"900\" height=\"600\" src=\"https:\/\/www.newsbeep.com\/us-pa\/wp-content\/uploads\/2025\/12\/svetlo2025-02.jpg\" alt=\"\" class=\"wp-image-9454\"  \/>Foto: Betl\u00e9msk\u00e9 sv\u011btlo<\/p>\n<p>Motto 2025: \u201cCarry the Light of Hope\u201d<\/p>\n<p>This year\u2019s motto highlights the heart of the tradition: every person who shares the Peace Light becomes part of a chain of togetherness. The idea is closely linked to a quote by V\u00e1clav Havel: \u201cHope is not the conviction that something will turn out well, but the certainty that something makes sense \u2013 regardless of how it turns out.\u201d<\/p>\n<p>The Peace Light of Bethlehem reminds us that even small acts of kindness carry significance \u2013 because they help to pass on a piece of hope, without knowing where the spark will ultimately reach.<\/p>\n<p>Key Dates at a Glance<\/p>\n<p>6 December \u2013 Ecumenical ceremony in Linz and handover to the Czech delegation; arrival of the light in Brno at 19:36<\/p>\n<p>7 December, 16:00 \u2013 Ceremonial reception at St. Peter and Paul Cathedral, Brno<\/p>\n<p>13 December from 06:00 \u2013 Distribution of the light by train to all regions<\/p>\n<p>13\u201324 December \u2013 The light available at regional and local events across the country<\/p>\n<p>Since 1990, Scouts from Brno have brought the Flame of the Eternal Light from Austria to the Czech Republic. The light, which burns in the grotto beneath the Nativity Basilica in Bethlehem, symbolises peace, love, hope, and friendship. Scouts from around the world help to spread it.<\/p>\n<p>For further information and the latest updates, visit <a href=\"https:\/\/www.betlemskesvetlo.cz\/rozvoz-a-mistni-akce\/\" target=\"_blank\" rel=\"noreferrer noopener nofollow\">www.betlemskesvetlo.cz<\/a>.<\/p>\n<p>Peace Light of Bethlehem<br \/>Betl\u00e9msk\u00e9 sv\u011btlo 2025 <br \/><a href=\"https:\/\/www.betlemskesvetlo.cz\/\" target=\"_blank\" rel=\"noreferrer noopener nofollow\">Website<\/a> | <a href=\"https:\/\/www.facebook.com\/betlemskesvetlocz\" target=\"_blank\" rel=\"noreferrer noopener nofollow\">Facebook<\/a> | <a href=\"https:\/\/www.instagram.com\/betlemskesvetlo\" target=\"_blank\" rel=\"noreferrer noopener nofollow\">Instagram<\/a><\/p>\n<p><script async src=\"\/\/www.instagram.com\/embed.js\"><\/script><\/p>\n","protected":false},"excerpt":{"rendered":"The Peace Light of Bethlehem arrives in Brno this weekend. From there, the Flame of Hope will be&hellip;\n","protected":false},"author":2,"featured_media":50898,"comment_status":"","ping_status":"","sticky":false,"template":"","format":"standard","meta":{"footnotes":""},"categories":[14],"tags":[153,155,154],"class_list":{"0":"post-50897","1":"post","2":"type-post","3":"status-publish","4":"format-standard","5":"has-post-thumbnail","7":"category-bethlehem","8":"tag-bethlehem","9":"tag-bethlehem-headlines","10":"tag-bethlehem-news"},"_links":{"self":[{"href":"https:\/\/www.newsbeep.com\/us-pa\/wp-json\/wp\/v2\/posts\/50897","targetHints":{"allow":["GET"]}}],"collection":[{"href":"https:\/\/www.newsbeep.com\/us-pa\/wp-json\/wp\/v2\/posts"}],"about":[{"href":"https:\/\/www.newsbeep.com\/us-pa\/wp-json\/wp\/v2\/types\/post"}],"author":[{"embeddable":true,"href":"https:\/\/www.newsbeep.com\/us-pa\/wp-json\/wp\/v2\/users\/2"}],"replies":[{"embeddable":true,"href":"https:\/\/www.newsbeep.com\/us-pa\/wp-json\/wp\/v2\/comments?post=50897"}],"version-history":[{"count":0,"href":"https:\/\/www.newsbeep.com\/us-pa\/wp-json\/wp\/v2\/posts\/50897\/revisions"}],"wp:featuredmedia":[{"embeddable":true,"href":"https:\/\/www.newsbeep.com\/us-pa\/wp-json\/wp\/v2\/media\/50898"}],"wp:attachment":[{"href":"https:\/\/www.newsbeep.com\/us-pa\/wp-json\/wp\/v2\/media?parent=50897"}],"wp:term":[{"taxonomy":"category","embeddable":true,"href":"https:\/\/www.newsbeep.com\/us-pa\/wp-json\/wp\/v2\/categories?post=50897"},{"taxonomy":"post_tag","embeddable":true,"href":"https:\/\/www.newsbeep.com\/us-pa\/wp-json\/wp\/v2\/tags?post=50897"}],"curies":[{"name":"wp","href":"https:\/\/api.w.org\/{rel}","templated":true}]}}