{"id":114351,"date":"2026-01-07T17:53:07","date_gmt":"2026-01-07T17:53:07","guid":{"rendered":"https:\/\/www.newsbeep.com\/us-tx\/114351\/"},"modified":"2026-01-07T17:53:07","modified_gmt":"2026-01-07T17:53:07","slug":"mexican-authorities-indict-suspect-in-ciudad-juarez-express-kidnapping-robbery-case","status":"publish","type":"post","link":"https:\/\/www.newsbeep.com\/us-tx\/114351\/","title":{"rendered":"Mexican authorities indict suspect in Ciudad Ju\u00e1rez express kidnapping, robbery case"},"content":{"rendered":"<p>CIUDAD JUAREZ, MEXICO (KFOX14\/CBS4) \u2014 Mexican authorities formally indicted Andr\u00e9s O. L. for his alleged involvement in an express kidnapping and robbery that occurred on June 17, 2025, in Ciudad Ju\u00e1rez. <\/p>\n<p>The incident took place at a business in Plaza Comercial Crucero, where the suspect and an accomplice reportedly used a firearm to briefly hold three employees captive. <\/p>\n<p>They allegedly stole 105,500 pesos in cash, cell phones, and other personal items before fleeing. <\/p>\n<p>Authorities arrested Andr\u00e9s O. L. on Dec. 30 at the intersection of Valent\u00edn Fuentes and Jes\u00fas M. R\u00edos streets in the Infonavit Casas Grandes neighborhood. <\/p>\n<p>The arrest was executed by Investigative Police in collaboration with the Municipal Public Safety Secretariat.<\/p>\n<p>RECOMMENDED: <a href=\"https:\/\/kfoxtv.com\/news\/local\/mummified-body-found-during-search-for-missing-man-in-ciudad-juarez?src=link\" target=\"_blank\" rel=\"nofollow noopener\">Mummified body found during search for missing man in Ciudad Ju\u00e1rez<\/a><\/p>\n<p>Comment with Bubbles<\/p>\n<p>BE THE FIRST TO COMMENT<\/p>\n<p><a href=\"https:\/\/kfoxtv.com\/sign-up\" target=\"_blank\" rel=\"nofollow noopener\">Sign up<\/a> to receive the top interesting stories from in and around our community once daily in your inbox.<\/p>\n","protected":false},"excerpt":{"rendered":"CIUDAD JUAREZ, MEXICO (KFOX14\/CBS4) \u2014 Mexican authorities formally indicted Andr\u00e9s O. L. for his alleged involvement in an&hellip;\n","protected":false},"author":2,"featured_media":114352,"comment_status":"","ping_status":"","sticky":false,"template":"","format":"standard","meta":{"footnotes":""},"categories":[12],"tags":[138,140,139],"class_list":{"0":"post-114351","1":"post","2":"type-post","3":"status-publish","4":"format-standard","5":"has-post-thumbnail","7":"category-el-paso","8":"tag-el-paso","9":"tag-el-paso-headlines","10":"tag-el-paso-news"},"_links":{"self":[{"href":"https:\/\/www.newsbeep.com\/us-tx\/wp-json\/wp\/v2\/posts\/114351","targetHints":{"allow":["GET"]}}],"collection":[{"href":"https:\/\/www.newsbeep.com\/us-tx\/wp-json\/wp\/v2\/posts"}],"about":[{"href":"https:\/\/www.newsbeep.com\/us-tx\/wp-json\/wp\/v2\/types\/post"}],"author":[{"embeddable":true,"href":"https:\/\/www.newsbeep.com\/us-tx\/wp-json\/wp\/v2\/users\/2"}],"replies":[{"embeddable":true,"href":"https:\/\/www.newsbeep.com\/us-tx\/wp-json\/wp\/v2\/comments?post=114351"}],"version-history":[{"count":0,"href":"https:\/\/www.newsbeep.com\/us-tx\/wp-json\/wp\/v2\/posts\/114351\/revisions"}],"wp:featuredmedia":[{"embeddable":true,"href":"https:\/\/www.newsbeep.com\/us-tx\/wp-json\/wp\/v2\/media\/114352"}],"wp:attachment":[{"href":"https:\/\/www.newsbeep.com\/us-tx\/wp-json\/wp\/v2\/media?parent=114351"}],"wp:term":[{"taxonomy":"category","embeddable":true,"href":"https:\/\/www.newsbeep.com\/us-tx\/wp-json\/wp\/v2\/categories?post=114351"},{"taxonomy":"post_tag","embeddable":true,"href":"https:\/\/www.newsbeep.com\/us-tx\/wp-json\/wp\/v2\/tags?post=114351"}],"curies":[{"name":"wp","href":"https:\/\/api.w.org\/{rel}","templated":true}]}}