{"id":121994,"date":"2026-01-13T23:30:09","date_gmt":"2026-01-13T23:30:09","guid":{"rendered":"https:\/\/www.newsbeep.com\/us-tx\/121994\/"},"modified":"2026-01-13T23:30:09","modified_gmt":"2026-01-13T23:30:09","slug":"mexican-firm-proposes-binational-tram-to-connect-el-paso-and-ciudad-juarez-airports","status":"publish","type":"post","link":"https:\/\/www.newsbeep.com\/us-tx\/121994\/","title":{"rendered":"Mexican firm proposes binational tram to connect El Paso and Ciudad Juarez airports"},"content":{"rendered":"<p>EL PASO, Texas (KFOX14\/CBS4) \u2014 A Mexican infrastructure company is pushing for a proposal for a binational tram that would connect the El Paso and Ciudad Ju\u00e1rez airports to ease travel for residents of both sides of the border. <\/p>\n<p>Desarrollo Econ\u00f3mico del Norte (DENAC) is proposing the project, \u201cJu\u00e1rez-El Paso Express Tram\u201d, as a transportation system looking to connect both airports.<\/p>\n<p>H\u00e9ctor N\u00fa\u00f1ez who is the president of DENAC said the purpose of this project is to enable more destinations for international flights with the ease and convenience of domestic flights, but this will be for a particular type of traveler.<\/p>\n<p>Nunez said this project would benefit both cities economically. <\/p>\n<p>DENAC said the project is to serve travelers who look for security, comfort, efficiency and save time when traveling, rather than having to wait in long lines at the ports of entry. <\/p>\n<p>Ciudad Juarez Mayor Cruz P\u00e9rez Cu\u00e9llar spoke about the proposal project during his weekly press conference.<\/p>\n<p>He said he supports the proposal but said his main concern is funding and said he is working with the company about finding a source of funding. <\/p>\n<p>\u201cThe idea is very good, but it surely is very costly. The cost exceeds the budget, if we can contribute in any way we are willing to collaborate. We don\u2019t have the resources as a municipality and are working with him to find a funding source,&#8221; said P\u00e9rez Cu\u00e9llar.<\/p>\n<p>DENAC officials said the project would include migratory stations. <\/p>\n<p>It&#8217;s unknown if any El Paso leaders support the project. <\/p>\n<p>Below is a video from DENAC explaining the project. <\/p>\n<p>RECOMMENDED: <a href=\"https:\/\/kfoxtv.com\/news\/local\/governor-abbott-to-visit-el-paso-for-campaign-event-with-law-enforcement-associations?srsc=link\" target=\"_blank\" rel=\"nofollow noopener\">Gov. Abbott to visit El Paso for campaign event joined by law enforcement associations<\/a><\/p>\n<p>Comment with Bubbles<\/p>\n<p>BE THE FIRST TO COMMENT<\/p>\n<p><a href=\"https:\/\/kfoxtv.com\/sign-up\" target=\"_blank\" rel=\"nofollow noopener\">Sign up<\/a> to receive the top interesting stories from in and around our community once daily in your inbox.<\/p>\n","protected":false},"excerpt":{"rendered":"EL PASO, Texas (KFOX14\/CBS4) \u2014 A Mexican infrastructure company is pushing for a proposal for a binational tram&hellip;\n","protected":false},"author":2,"featured_media":121995,"comment_status":"","ping_status":"","sticky":false,"template":"","format":"standard","meta":{"footnotes":""},"categories":[12],"tags":[138,140,139],"class_list":{"0":"post-121994","1":"post","2":"type-post","3":"status-publish","4":"format-standard","5":"has-post-thumbnail","7":"category-el-paso","8":"tag-el-paso","9":"tag-el-paso-headlines","10":"tag-el-paso-news"},"_links":{"self":[{"href":"https:\/\/www.newsbeep.com\/us-tx\/wp-json\/wp\/v2\/posts\/121994","targetHints":{"allow":["GET"]}}],"collection":[{"href":"https:\/\/www.newsbeep.com\/us-tx\/wp-json\/wp\/v2\/posts"}],"about":[{"href":"https:\/\/www.newsbeep.com\/us-tx\/wp-json\/wp\/v2\/types\/post"}],"author":[{"embeddable":true,"href":"https:\/\/www.newsbeep.com\/us-tx\/wp-json\/wp\/v2\/users\/2"}],"replies":[{"embeddable":true,"href":"https:\/\/www.newsbeep.com\/us-tx\/wp-json\/wp\/v2\/comments?post=121994"}],"version-history":[{"count":0,"href":"https:\/\/www.newsbeep.com\/us-tx\/wp-json\/wp\/v2\/posts\/121994\/revisions"}],"wp:featuredmedia":[{"embeddable":true,"href":"https:\/\/www.newsbeep.com\/us-tx\/wp-json\/wp\/v2\/media\/121995"}],"wp:attachment":[{"href":"https:\/\/www.newsbeep.com\/us-tx\/wp-json\/wp\/v2\/media?parent=121994"}],"wp:term":[{"taxonomy":"category","embeddable":true,"href":"https:\/\/www.newsbeep.com\/us-tx\/wp-json\/wp\/v2\/categories?post=121994"},{"taxonomy":"post_tag","embeddable":true,"href":"https:\/\/www.newsbeep.com\/us-tx\/wp-json\/wp\/v2\/tags?post=121994"}],"curies":[{"name":"wp","href":"https:\/\/api.w.org\/{rel}","templated":true}]}}