{"id":139309,"date":"2026-01-27T02:52:08","date_gmt":"2026-01-27T02:52:08","guid":{"rendered":"https:\/\/www.newsbeep.com\/us-tx\/139309\/"},"modified":"2026-01-27T02:52:08","modified_gmt":"2026-01-27T02:52:08","slug":"american-idol-to-feature-el-paso-country-singer-how-to-watch","status":"publish","type":"post","link":"https:\/\/www.newsbeep.com\/us-tx\/139309\/","title":{"rendered":"American Idol to feature El Paso country singer: How to watch"},"content":{"rendered":"<p class=\"mb-4 text-lg md:leading-8 break-words\">&#8220;American Idol&#8221; returns with Season 24 Monday, Jan. 26 and El Pasoans may have someone to root for.<\/p>\n<p class=\"mb-4 text-lg md:leading-8 break-words\">Country singer Julian Kalel posted on his Instagram that he can&#8217;t wait for people to watch the show.<\/p>\n<p class=\"mb-4 text-lg md:leading-8 break-words\">&#8220;My audition airs Monday, Feb 2! Still feels unreal \u2014 I can\u2019t wait to share this moment with you all. Let\u2019s do this El Paso!&#8221; he stated on his <a href=\"https:\/\/www.instagram.com\/juliankalelmusic\/\" rel=\"nofollow noopener\" target=\"_blank\" data-ylk=\"slk:Instagram page.;elm:context_link;itc:0;sec:content-canvas\" class=\"link \">Instagram page.<\/a><\/p>\n<p class=\"mb-4 text-lg md:leading-8 break-words\">Kalel said he was excited to be able to audition in front of &#8220;American Idol&#8221; judges Lionel Richie, Carrie Underwood, and Luke Bryan.<\/p>\n<p><img alt=\"El Paso country singer Julian Kalel, posted on his Instagram, he is auditioning on &quot;American Idol&quot;. The new season 24 begins Monday, Jan. 26\" loading=\"lazy\" width=\"960\" height=\"1311\" decoding=\"async\" data-nimg=\"1\" class=\"rounded-lg\" style=\"color:transparent\" src=\"https:\/\/www.newsbeep.com\/us-tx\/wp-content\/uploads\/2026\/01\/3cbdcc498422e3f53bc47fe30375fd88.jpeg\"\/><\/p>\n<p>El Paso country singer Julian Kalel, posted on his Instagram, he is auditioning on &#8220;American Idol&#8221;. The new season 24 begins Monday, Jan. 26<\/p>\n<p class=\"mb-4 text-lg md:leading-8 break-words\">&#8220;Since I began writing music, I dreamed of one day being on a stage where others who fought everyday battles could see how vulnerability and struggle can carry meaning beyond pain, and that staying another day is about more than survival &#8211; it&#8217;s about believing in yourself,&#8221; he wrote on his page.<\/p>\n<p class=\"mb-4 text-lg md:leading-8 break-words\">Kalel said in an interview with City Magazine that music has been his way to heal from struggles with mental health.<\/p>\n<p class=\"mb-4 text-lg md:leading-8 break-words\">He has been busy recording in Nashville and has a song, &#8220;Daring to Dream,&#8221; he&#8217;s promoting.<\/p>\n<p>Where to watch &#8220;American Idol&#8221;<\/p>\n<p class=\"mb-4 text-lg md:leading-8 break-words\">&#8220;American Idol&#8221; airs at 6 p.m. MT\/7 CT Monday on the ABC Network. &#8220;American Idol&#8221; Season 24 will be available to stream the following day on Hulu.<\/p>\n<p class=\"mb-4 text-lg md:leading-8 break-words\">A\u00a0<a href=\"https:\/\/help.hulu.com\/article\/hulu-how-much-does-hulu-cost\" rel=\"nofollow noopener\" target=\"_blank\" data-ylk=\"slk:subscription to Hulu;elm:context_link;itc:0;sec:content-canvas\" class=\"link \">subscription to Hulu<\/a>\u00a0costs $11.99 a month (or $119.99\/year) for the ad-supported plan. Students can get Hulu with ads for $1.99 a month, and Hulu Premium (no ads) is $18.99 a month.<\/p>\n<p class=\"mb-4 text-lg md:leading-8 break-words\">More: <a href=\"https:\/\/www.yahoo.com\/entertainment\/tv\/articles\/season-bridgerton-coming-season-4-190316955.html\" data-ylk=\"slk:When is the new season of &#039;Bridgerton&#039; coming out? Season 4 details for Netflix release;elm:context_link;itc:0;sec:content-canvas;outcm:mb_qualified_link;_E:mb_qualified_link;ct:story;\" class=\"link  yahoo-link\" rel=\"nofollow noopener\" target=\"_blank\">When is the new season of &#8216;Bridgerton&#8217; coming out? Season 4 details for Netflix release<\/a><\/p>\n<p class=\"mb-4 text-lg md:leading-8 break-words\">Mar\u00eda Cort\u00e9s Gonz\u00e1lez may be reached at 915-546-6150;\u00a0mcortes@elpasotimes.com; @eptmaria.bsky.social on Bluesky,\u00a0and @eptmariacg on TikTok.<\/p>\n<p class=\"mb-4 text-lg md:leading-8 break-words\">This article originally appeared on El Paso Times: <a href=\"https:\/\/www.elpasotimes.com\/story\/entertainment\/television\/2026\/01\/26\/el-paso-singer-julian-kalel-to-audition-for-american-idol\/88362844007\/\" rel=\"nofollow noopener\" target=\"_blank\" data-ylk=\"slk:El Paso singer Julian Kalel to audition for American Idol;elm:context_link;itc:0;sec:content-canvas\" class=\"link \">El Paso singer Julian Kalel to audition for American Idol<\/a><\/p>\n<p><script async src=\"\/\/www.instagram.com\/embed.js\"><\/script><\/p>\n","protected":false},"excerpt":{"rendered":"&#8220;American Idol&#8221; returns with Season 24 Monday, Jan. 26 and El Pasoans may have someone to root for.&hellip;\n","protected":false},"author":2,"featured_media":139310,"comment_status":"","ping_status":"","sticky":false,"template":"","format":"standard","meta":{"footnotes":""},"categories":[12],"tags":[58839,58840,138,140,139,58841,58659],"class_list":{"0":"post-139309","1":"post","2":"type-post","3":"status-publish","4":"format-standard","5":"has-post-thumbnail","7":"category-el-paso","8":"tag-american-idol","9":"tag-carrie-underwood","10":"tag-el-paso","11":"tag-el-paso-headlines","12":"tag-el-paso-news","13":"tag-julian-kalel","14":"tag-lionel-richie"},"_links":{"self":[{"href":"https:\/\/www.newsbeep.com\/us-tx\/wp-json\/wp\/v2\/posts\/139309","targetHints":{"allow":["GET"]}}],"collection":[{"href":"https:\/\/www.newsbeep.com\/us-tx\/wp-json\/wp\/v2\/posts"}],"about":[{"href":"https:\/\/www.newsbeep.com\/us-tx\/wp-json\/wp\/v2\/types\/post"}],"author":[{"embeddable":true,"href":"https:\/\/www.newsbeep.com\/us-tx\/wp-json\/wp\/v2\/users\/2"}],"replies":[{"embeddable":true,"href":"https:\/\/www.newsbeep.com\/us-tx\/wp-json\/wp\/v2\/comments?post=139309"}],"version-history":[{"count":0,"href":"https:\/\/www.newsbeep.com\/us-tx\/wp-json\/wp\/v2\/posts\/139309\/revisions"}],"wp:featuredmedia":[{"embeddable":true,"href":"https:\/\/www.newsbeep.com\/us-tx\/wp-json\/wp\/v2\/media\/139310"}],"wp:attachment":[{"href":"https:\/\/www.newsbeep.com\/us-tx\/wp-json\/wp\/v2\/media?parent=139309"}],"wp:term":[{"taxonomy":"category","embeddable":true,"href":"https:\/\/www.newsbeep.com\/us-tx\/wp-json\/wp\/v2\/categories?post=139309"},{"taxonomy":"post_tag","embeddable":true,"href":"https:\/\/www.newsbeep.com\/us-tx\/wp-json\/wp\/v2\/tags?post=139309"}],"curies":[{"name":"wp","href":"https:\/\/api.w.org\/{rel}","templated":true}]}}