{"id":146031,"date":"2026-02-01T02:53:20","date_gmt":"2026-02-01T02:53:20","guid":{"rendered":"https:\/\/www.newsbeep.com\/us-tx\/146031\/"},"modified":"2026-02-01T02:53:20","modified_gmt":"2026-02-01T02:53:20","slug":"texas-evening-briefing-jan-30","status":"publish","type":"post","link":"https:\/\/www.newsbeep.com\/us-tx\/146031\/","title":{"rendered":"Texas Evening Briefing Jan. 30"},"content":{"rendered":"<p>Good evening, Texas. We&#8217;re wrapping up the day for you with the most important stories you need to know and your weather outlook.<\/p>\n<p>Your Weather Planner<\/p>\n<p>Another strong cold front pushed through Texas early Friday, but unlike last weekend, lacks moisture and will not produce any wintry precipitation. Wind chill readings in the teens and even single digits Saturday morning. A cold weather advisory is in effect through Saturday morning for all areas from San Antonio northward to DFW. Look for Saturday morning lows in the teens across north Texas, 20s in Central regions and 30s and 40s for South Texas.<\/p>\n<p><img decoding=\"async\" src=\"https:\/\/www.newsbeep.com\/us-tx\/wp-content\/uploads\/2026\/02\/WEB_Afternoon_Briefing.jpg\" alt=\"\" class=\"hashed-image\" img-data-alignment=\"center\" img-data-width=\"percent-hundred\" loading=\"lazy\"\/><\/p>\n<p>Get your 7-day forecast:\u00a0<a href=\"https:\/\/spectrumlocalnews.com\/tx\/austin\/weather\/interactive-radar.html\" rel=\"nofollow noopener\" target=\"_blank\">Austin<\/a>\u00a0|\u00a0<a href=\"https:\/\/spectrumlocalnews.com\/tx\/san-antonio\/weather\/interactive-radar.html\" rel=\"nofollow noopener\" target=\"_blank\">San Antonio<\/a>\u00a0|\u00a0<a href=\"https:\/\/spectrumlocalnews.com\/tx\/dallas-fort-worth\/weather.html\" rel=\"nofollow noopener\" target=\"_blank\">Dallas<\/a><\/p>\n<p><a href=\"https:\/\/www.spectrumnews1.com\/snpluslive\" rel=\"nofollow noopener\" target=\"_blank\"><img decoding=\"async\" src=\"https:\/\/www.newsbeep.com\/us-tx\/wp-content\/uploads\/2025\/10\/Spectrum_News_Plus_PromoCard_4-11-2023.jpeg\" width=\"100%\" class=\"hashed-image\" img-data-alignment=\"center\" img-data-width=\"percent-hundred\"\/><\/a><br \/>\nIntroducing Spectrum News+<br \/>Watch the latest news and more local stories from across the country.<\/p>\n<p>Today&#8217;s Big Stories<\/p>\n<p>1.\u00a0<a href=\"https:\/\/spectrumlocalnews.com\/tx\/austin\/news\/2026\/01\/30\/texas-ice-custody-deaths\" rel=\"nofollow noopener\" target=\"_blank\">Deaths of migrants in ICE custody raises concerns<\/a><\/p>\n<p>In just the first month of the new year, three people have died in Texas while in custody of U.S. Immigration and Customs Enforcement (ICE).<\/p>\n<p>According to ICE,\u00a0Luis Gustavo N\u00fa\u00f1ez C\u00e1ceres\u00a0died Jan. 5 while in ICE custody\u00a0in a Houston-area hospital\u00a0after being admitted for chronic heart-related health issues. The other deaths happened at the East Montana Detention Facility in El Paso. Citing human rights violations, the American Civil Liberties Union (ACLU) has repeatedly called for the facility to be shut down.<\/p>\n<p>2.\u00a0<a href=\"https:\/\/spectrumlocalnews.com\/tx\/austin\/news\/2026\/01\/30\/texas-businesses-take-part-in--national-shutdown-\" rel=\"nofollow noopener\" target=\"_blank\">Texas businesses take part in &#8216;national shutdown&#8217; protesting ICE<\/a><\/p>\n<p>Some businesses across the country and in the Lone Star State are taking part in a \u201cnational shutdown\u201d in response to the shooting deaths of two U.S. citizens in Minneapolis by federal officers and the broader immigration enforcement operations across the U.S.\u00a0\u00a0<\/p>\n<p>Even more protests are scheduled for Saturday across the country. The national organization 50501\u2014which stands for 50 protests in 50 states on one day\u2014has organized a day of action, which includes a\u00a0rally in Austin.\u00a0<\/p>\n<p>3.\u00a0<a href=\"https:\/\/spectrumlocalnews.com\/tx\/austin\/news\/2026\/01\/30\/screwworm-fly-threat-reaches-disaster-level\" rel=\"nofollow noopener\" target=\"_blank\">Screwworm fly threat reaches disaster level, Gov. Greg Abbott says<\/a><\/p>\n<p>The movement of a parasitic fly into Texas could threaten livestock and cause property damage around the state.<\/p>\n<p>Gov. Greg Abbott issued a disaster order on Thursday addressing the northward spread of the New World Screwworm (NWS) from Central and South America to the U.S. southern border.<\/p>\n<p>Notes for Tomorrow<\/p>\n<p>Saturday, Jan. 31<\/p>\n<p>Texas 18th Congressional District special runoff election<br \/>\nYear-End 2025 campaign finance report filing deadline for congressional campaigns<br \/>\nFederal Reserve Governor Stephen Miran&#8217;s term ends. He was appointed in September to complete the term of Governor Adriana Kugler after she announced her resignation in August 2025, but could reportedly stay in the role until a successor is in place<br \/>\n13th annual Masters Agility Championship, ahead of the 150th annual Westminster Kennel Club Dog Show\u00a0<\/p>\n<p>In Case You Missed It<img decoding=\"async\" src=\"https:\/\/www.newsbeep.com\/us-tx\/wp-content\/uploads\/2026\/02\/Close_Up_Rescue_2048_crop.jpeg\" alt=\"One of the stunned sea turtles arrives at the Texas State Aquarium Wildlife Rescue Center to be checked out by medical staff. (Texas State Aquarium)\" class=\"hashed-image image\" img-data-alignment=\"center\" img-data-width=\"percent-hundred\" loading=\"lazy\" img-data-caption=\"One of the stunned sea turtles arrives at the Texas State Aquarium Wildlife Rescue Center to be checked out by medical staff. (Texas State Aquarium)\" img-data-wrap-text=\"true\" img-data-editing=\"true\"\/><\/p>\n<p>One of the stunned sea turtles arrives at the Texas State Aquarium Wildlife Rescue Center to be checked out by medical staff. (Texas State Aquarium)<\/p>\n<p><a href=\"https:\/\/spectrumlocalnews.com\/tx\/austin\/news\/2026\/01\/29\/sea-turtles-saved-from-frigid-water\" rel=\"nofollow noopener\" target=\"_blank\">South Texas aquarium leads sea turtle rescue effort amid winter weathe<\/a>r<\/p>\n<p>The winter storm affected all creatures big and small, including the marine life in South Texas \u2014 specifically the sea turtles. Nearly 400 sea turtles were rescued from the cold temperatures along the Texas coast in Corpus Christi.<\/p>\n","protected":false},"excerpt":{"rendered":"Good evening, Texas. We&#8217;re wrapping up the day for you with the most important stories you need to&hellip;\n","protected":false},"author":2,"featured_media":146032,"comment_status":"","ping_status":"","sticky":false,"template":"","format":"standard","meta":{"footnotes":""},"categories":[12],"tags":[1973,138,140,139,1974,27],"class_list":{"0":"post-146031","1":"post","2":"type-post","3":"status-publish","4":"format-standard","5":"has-post-thumbnail","7":"category-el-paso","8":"tag-app-evening-briefing","9":"tag-el-paso","10":"tag-el-paso-headlines","11":"tag-el-paso-news","12":"tag-katharine-finnerty","13":"tag-texas"},"_links":{"self":[{"href":"https:\/\/www.newsbeep.com\/us-tx\/wp-json\/wp\/v2\/posts\/146031","targetHints":{"allow":["GET"]}}],"collection":[{"href":"https:\/\/www.newsbeep.com\/us-tx\/wp-json\/wp\/v2\/posts"}],"about":[{"href":"https:\/\/www.newsbeep.com\/us-tx\/wp-json\/wp\/v2\/types\/post"}],"author":[{"embeddable":true,"href":"https:\/\/www.newsbeep.com\/us-tx\/wp-json\/wp\/v2\/users\/2"}],"replies":[{"embeddable":true,"href":"https:\/\/www.newsbeep.com\/us-tx\/wp-json\/wp\/v2\/comments?post=146031"}],"version-history":[{"count":0,"href":"https:\/\/www.newsbeep.com\/us-tx\/wp-json\/wp\/v2\/posts\/146031\/revisions"}],"wp:featuredmedia":[{"embeddable":true,"href":"https:\/\/www.newsbeep.com\/us-tx\/wp-json\/wp\/v2\/media\/146032"}],"wp:attachment":[{"href":"https:\/\/www.newsbeep.com\/us-tx\/wp-json\/wp\/v2\/media?parent=146031"}],"wp:term":[{"taxonomy":"category","embeddable":true,"href":"https:\/\/www.newsbeep.com\/us-tx\/wp-json\/wp\/v2\/categories?post=146031"},{"taxonomy":"post_tag","embeddable":true,"href":"https:\/\/www.newsbeep.com\/us-tx\/wp-json\/wp\/v2\/tags?post=146031"}],"curies":[{"name":"wp","href":"https:\/\/api.w.org\/{rel}","templated":true}]}}