{"id":196215,"date":"2026-03-09T01:38:10","date_gmt":"2026-03-09T01:38:10","guid":{"rendered":"https:\/\/www.newsbeep.com\/us-tx\/196215\/"},"modified":"2026-03-09T01:38:10","modified_gmt":"2026-03-09T01:38:10","slug":"mcallen-isd-family-detained-by-ice-high-school-mariachi-student-separated-from-family-relative-says","status":"publish","type":"post","link":"https:\/\/www.newsbeep.com\/us-tx\/196215\/","title":{"rendered":"McAllen ISD family detained by ICE, high school mariachi student separated from family, relative says"},"content":{"rendered":"<p class=\"dist__Box-sc-1fnzlkn-0 dist__TextBase-sc-1fnzlkn-3 bYFsJw cuqaEv article-text\">McALLEN, Texas \u2013 Three McAllen teenagers and their parents were taken into custody during a meeting with U.S. Immigration and Customs Enforcement officers, a <a href=\"https:\/\/www.krgv.com\/news\/valley-politicians-react-to-family-including-mcallen-mariachi-students-allegedly-detained-by-ice\" target=\"_blank\" rel=\"noreferrer nofollow noopener\" title=\"https:\/\/www.krgv.com\/news\/valley-politicians-react-to-family-including-mcallen-mariachi-students-allegedly-detained-by-ice\">distant relative told ABC affiliate KRGV<\/a>.<\/p>\n<p class=\"dist__Box-sc-1fnzlkn-0 dist__TextBase-sc-1fnzlkn-3 bYFsJw cuqaEv article-text\">18-year-old Antonio G\u00e1mez-Cu\u00e9llar and 14-year-old Caleb G\u00e1mez-Cu\u00e9llar are members of McAllen High School\u2019s eight-time state championship Mariachi Oro band, and performed on Capitol Hill last June at the invitation of Rep. Monica De La Cruz, R-Edinburg.<\/p>\n<p class=\"dist__Box-sc-1fnzlkn-0 dist__TextBase-sc-1fnzlkn-3 bYFsJw cuqaEv article-text\">\u201cThe G\u00e1mez-Cu\u00e9llar family\u2019s story breaks my heart,\u201d De La Cruz said in a statement Saturday. \u201cI have repeatedly urged that enforcement target those who actually threaten our communities, not good, law-abiding, talented people who are working through the legal process.\u201d<\/p>\n<p class=\"dist__Box-sc-1fnzlkn-0 dist__TextBase-sc-1fnzlkn-3 bYFsJw cuqaEv article-text\">The relative told KRGV that the family migrated to the Rio Grande Valley in 2023 using the now-defunct CBP One app, fleeing violence in Mexico.<\/p>\n<p class=\"dist__Box-sc-1fnzlkn-0 dist__TextBase-sc-1fnzlkn-3 bYFsJw cuqaEv article-text\">The story drew national attention after Tejano music star Bobby Pulido posted a video about the situation on Facebook, following <a href=\"https:\/\/www.facebook.com\/share\/p\/1BD5EVGygL\/\" target=\"_blank\" rel=\"noreferrer nofollow noopener\" title=\"https:\/\/www.facebook.com\/share\/p\/1BD5EVGygL\/\">reporting by independent journalist Cecilia Ball\u00ed<\/a>. Pulido is <a href=\"https:\/\/www.ksat.com\/vote-2026\/2026\/03\/03\/election-results-texas-15th-congressional-district-race-in-march-2026-primary\/\" target=\"_blank\" rel=\"noreferrer nofollow noopener\" title=\"https:\/\/www.ksat.com\/vote-2026\/2026\/03\/03\/election-results-texas-15th-congressional-district-race-in-march-2026-primary\/\">running as the Democratic nominee for De La Cruz\u2019s seat<\/a> in Congress later this year.<\/p>\n<p class=\"dist__Box-sc-1fnzlkn-0 dist__TextBase-sc-1fnzlkn-3 bYFsJw cuqaEv article-text\">The G\u00e1mez-Cu\u00e9llar family\u2019s final hearing was scheduled for September, according to Ball\u00ed\u2018s reporting, but the family was summoned to appear at ICE offices in late February and bring their sons. Antonio had turned 18 years old the month prior.<\/p>\n<p class=\"dist__Box-sc-1fnzlkn-0 dist__TextBase-sc-1fnzlkn-3 bYFsJw cuqaEv article-text\">Because Antonio is now an adult, he is being held at the El Valle Detention Center in Raymondville, Texas, the relative said, while his mother, father, 12-year-old brother and Caleb are being held more than 200 miles away at the South Texas Family Residential Center in Dilley.<\/p>\n<p class=\"dist__Box-sc-1fnzlkn-0 dist__TextBase-sc-1fnzlkn-3 bYFsJw cuqaEv article-text\">Rep. Joaquin Castro, D-San Antonio, said he will be checking on the family during his visit to the Dilley detention facility Monday.<\/p>\n<p class=\"dist__Box-sc-1fnzlkn-0 dist__TextBase-sc-1fnzlkn-3 bYFsJw cuqaEv article-text\">\u201cI am doing everything in my power to make sure the boys and their family return home safely,\u201d Castro said.<\/p>\n<p class=\"dist__Box-sc-1fnzlkn-0 dist__TextBase-sc-1fnzlkn-3 bYFsJw cuqaEv article-text\">De La Cruz said she requested a visit to the El Valle Detention Center on Saturday night, and has been in close communication with the Department of Homeland Security and community leaders to \u201cexplore every legal option available\u201d for the G\u00e1mez-Cu\u00e9llar family.<\/p>\n<p class=\"dist__Box-sc-1fnzlkn-0 dist__TextBase-sc-1fnzlkn-3 bYFsJw cuqaEv article-text\">\u201cThese are our neighbors, friends, and valued members of the community,\u201d De La Cruz said.<\/p>\n<p class=\"dist__Box-sc-1fnzlkn-0 dist__TextBase-sc-1fnzlkn-3 bYFsJw cuqaEv article-text\">McAllen ISD told KRGV that it could not comment on the situation out of respect for the family\u2019s privacy and because it was not a district matter. The district said it is attempting to release a more detailed statement on Monday.<\/p>\n<p class=\"dist__Box-sc-1fnzlkn-0 dist__TextBase-sc-1fnzlkn-3 bYFsJw cuqaEv article-text\">A <a href=\"https:\/\/www.krgv.com\/news\/solidarity-protest-held-for-mcallen-family-detained-by-ice\" target=\"_blank\" rel=\"noreferrer nofollow noopener\" title=\"https:\/\/www.krgv.com\/news\/solidarity-protest-held-for-mcallen-family-detained-by-ice\">protest was held Sunday<\/a> outside of the Raymondville facility, calling for \u201cdignity, justice and fair treatment of the community.\u201d<\/p>\n<p class=\"dist__Box-sc-1fnzlkn-0 dist__TextBase-sc-1fnzlkn-3 bYFsJw cuqaEv article-text\">In a statement, McAllen Mayor Javier Villalobos said the community continues to encourage federal leaders to find pathways for those seeking the American dream.<\/p>\n<p class=\"dist__Box-sc-1fnzlkn-0 dist__TextBase-sc-1fnzlkn-3 bYFsJw cuqaEv article-text\">\u201cFor more than a year, I have emphasized the importance of securing our borders to ensure the safety of our community,\u201d Villalobos said. \u201cThat commitment, however, must always be balanced with creating lawful, responsible pathways for individuals who want to contribute to our economy, support their families, and become productive neighbors in McAllen.\u201d<\/p>\n<p class=\"dist__Box-sc-1fnzlkn-0 dist__TextBase-sc-1fnzlkn-3 bYFsJw cuqaEv article-text\">Read also:<\/p>\n<p>Copyright 2026 by KSAT &#8211; All rights reserved.<\/p>\n","protected":false},"excerpt":{"rendered":"McALLEN, Texas \u2013 Three McAllen teenagers and their parents were taken into custody during a meeting with U.S.&hellip;\n","protected":false},"author":2,"featured_media":196216,"comment_status":"","ping_status":"","sticky":false,"template":"","format":"standard","meta":{"footnotes":""},"categories":[6],"tags":[13909,58165,77643,1829,1724,21085,1478,77645,5023,77644,57791,27,29,28],"class_list":{"0":"post-196215","1":"post","2":"type-post","3":"status-publish","4":"format-standard","5":"has-post-thumbnail","7":"category-texas","8":"tag-bobby-pulido","9":"tag-dilley","10":"tag-el-valle-detention-center","11":"tag-ice","12":"tag-immigration","13":"tag-joaquin-castro","14":"tag-mcallen","15":"tag-mcallen-high-school","16":"tag-monica-de-la-cruz","17":"tag-raymondville","18":"tag-south-texas-family-residential-center","19":"tag-texas","20":"tag-texas-headlines","21":"tag-texas-news"},"_links":{"self":[{"href":"https:\/\/www.newsbeep.com\/us-tx\/wp-json\/wp\/v2\/posts\/196215","targetHints":{"allow":["GET"]}}],"collection":[{"href":"https:\/\/www.newsbeep.com\/us-tx\/wp-json\/wp\/v2\/posts"}],"about":[{"href":"https:\/\/www.newsbeep.com\/us-tx\/wp-json\/wp\/v2\/types\/post"}],"author":[{"embeddable":true,"href":"https:\/\/www.newsbeep.com\/us-tx\/wp-json\/wp\/v2\/users\/2"}],"replies":[{"embeddable":true,"href":"https:\/\/www.newsbeep.com\/us-tx\/wp-json\/wp\/v2\/comments?post=196215"}],"version-history":[{"count":0,"href":"https:\/\/www.newsbeep.com\/us-tx\/wp-json\/wp\/v2\/posts\/196215\/revisions"}],"wp:featuredmedia":[{"embeddable":true,"href":"https:\/\/www.newsbeep.com\/us-tx\/wp-json\/wp\/v2\/media\/196216"}],"wp:attachment":[{"href":"https:\/\/www.newsbeep.com\/us-tx\/wp-json\/wp\/v2\/media?parent=196215"}],"wp:term":[{"taxonomy":"category","embeddable":true,"href":"https:\/\/www.newsbeep.com\/us-tx\/wp-json\/wp\/v2\/categories?post=196215"},{"taxonomy":"post_tag","embeddable":true,"href":"https:\/\/www.newsbeep.com\/us-tx\/wp-json\/wp\/v2\/tags?post=196215"}],"curies":[{"name":"wp","href":"https:\/\/api.w.org\/{rel}","templated":true}]}}