{"id":197488,"date":"2026-03-10T01:03:10","date_gmt":"2026-03-10T01:03:10","guid":{"rendered":"https:\/\/www.newsbeep.com\/us-tx\/197488\/"},"modified":"2026-03-10T01:03:10","modified_gmt":"2026-03-10T01:03:10","slug":"mcallen-mariachi-family-released-from-detention-during-visit-from-san-antonio-rep-joaquin-castro","status":"publish","type":"post","link":"https:\/\/www.newsbeep.com\/us-tx\/197488\/","title":{"rendered":"McAllen mariachi family released from detention during visit from San Antonio Rep. Joaquin Castro"},"content":{"rendered":"<p><img data-perfmatters-preload=\"\" data-recalc-dims=\"1\" fetchpriority=\"high\" decoding=\"async\" width=\"780\" height=\"516\" data-attachment-id=\"399218\" data-permalink=\"https:\/\/www.sacurrent.com\/news\/san-antonio-news\/mcallen-mariachi-family-released-from-detention-during-visit-from-san-antonio-rep-joaquin-castro\/attachment\/screenshot-2026-03-09-at-5-44-37-pm\/\" data-orig-file=\"https:\/\/i0.wp.com\/www.sacurrent.com\/wp-content\/uploads\/2026\/03\/Screenshot-2026-03-09-at-5.44.37-PM.png?fit=1000%2C661&amp;ssl=1\" data-orig-size=\"1000,661\" data-comments-opened=\"0\" data-image-meta=\"{&quot;aperture&quot;:&quot;0&quot;,&quot;credit&quot;:&quot;&quot;,&quot;camera&quot;:&quot;&quot;,&quot;caption&quot;:&quot;&quot;,&quot;created_timestamp&quot;:&quot;0&quot;,&quot;copyright&quot;:&quot;&quot;,&quot;focal_length&quot;:&quot;0&quot;,&quot;iso&quot;:&quot;0&quot;,&quot;shutter_speed&quot;:&quot;0&quot;,&quot;title&quot;:&quot;&quot;,&quot;orientation&quot;:&quot;0&quot;}\" data-image-title=\"G\u00e1mez-Cu\u00e9llar family released\" data-image-description=\"\" data-image-caption=\"&lt;p&gt;The G\u00e1mez-Cu\u00e9llar family was release during a visit from San Antonio Congressman Joaquin Castro and several other democratic representatives from around the country.&lt;\/p&gt;&#10;\" data-medium-file=\"https:\/\/i0.wp.com\/www.sacurrent.com\/wp-content\/uploads\/2026\/03\/Screenshot-2026-03-09-at-5.44.37-PM.png?fit=300%2C198&amp;ssl=1\" data-large-file=\"https:\/\/i0.wp.com\/www.sacurrent.com\/wp-content\/uploads\/2026\/03\/Screenshot-2026-03-09-at-5.44.37-PM.png?fit=780%2C516&amp;ssl=1\" src=\"https:\/\/www.newsbeep.com\/us-tx\/wp-content\/uploads\/2026\/03\/Screenshot-2026-03-09-at-5.44.37-PM.png\" alt=\"\" class=\"wp-image-399218\"  \/>The G\u00e1mez-Cu\u00e9llar family was released during a visit from San Antonio Congressman Joaquin Castro and other Democratic lawmakers from around the country. Credit: Instagram \/ Joaquin Castro<\/p>\n<p>An immigrant family detained since late February despite the musical accomplishments of their mariachi sons was released Monday from a South Texas lockup during a visit from San Antonio U.S. Rep. Joaquin Castro and other Democratic lawmakers.<\/p>\n<p>The congressional representatives who accompanied Castro on his visit to the South Texas Family Residential Center in Dilley included Minority Whip Katherine Clark of Massachusetts along with democratic U.S. Reps. Jim McGovern of Massachusetts, Madeleine Dean of Pennsylvania and Nanette Barrag\u00e1n, Julia Brownley, and Sara Jacobs of California.<\/p>\n<p>\u201cThe G\u00e1mez-Cu\u00e9llar family should never have been sitting in the Dilley trailer prison,\u201d Castro said at a press conference at San Antonio City Hall following the visit to the detention center an hour southwest of town. \u201cTheir story underlies the cruelty, irony and hypocrisy of the Trump administration\u2019s mass deportation policy.\u201d<\/p>\n<p>Antonio Yesayahu G\u00e1mez-Cu\u00e9llar, 18, was detained separately from the family at El Valle Detention Center in Raymondville, about two hours away. <\/p>\n<p>Monica De La Cruz, a Republican who represents the G\u00e1mez-Cu\u00e9llar\u2019s hometown of McAllen, said in a series of Facebook posts that she\u2019s been asking federal officials for the family\u2019s release. Cruz said she was in touch with the White House, incoming Department of Homeland Security Secretary Markwayne Mullin and the office of the Border Czar Tom Homan.<\/p>\n<p>\u201cWe have been praying for their family over the last couple of days, and thankfully, he is now beside me and is going home to his family and friends who love him and miss him dearly,\u201d De La Cruz\u00a0said at a press conference outside the Raymondville facility, <a href=\"https:\/\/www.expressnews.com\/news\/article\/mariachi-mcallen-release-ice-gamez-cuellar-21966014.php\" rel=\"nofollow noopener\" target=\"_blank\">the Express-News reports.<\/a> \u201cI want to say this: This day should not be about politics.\u201d<\/p>\n<p>Cruz is an ardent supporter of President Donald Trump and voted for the One Big Beautiful Bill last summer, which allocated an additional $170 billion to the Department of Homeland Security including $75 billion for U.S. Immigration and Customs Enforcement. That money is funding the rapid expansion of immigrant detention centers nationwide.<\/p>\n<p><img loading=\"lazy\" data-recalc-dims=\"1\" decoding=\"async\" width=\"780\" height=\"780\" data-attachment-id=\"399221\" data-permalink=\"https:\/\/www.sacurrent.com\/news\/san-antonio-news\/mcallen-mariachi-family-released-from-detention-during-visit-from-san-antonio-rep-joaquin-castro\/attachment\/img_1374\/\" data-orig-file=\"https:\/\/i0.wp.com\/www.sacurrent.com\/wp-content\/uploads\/2026\/03\/IMG_1374.jpg?fit=1000%2C1000&amp;ssl=1\" data-orig-size=\"1000,1000\" data-comments-opened=\"0\" data-image-meta=\"{&quot;aperture&quot;:&quot;0&quot;,&quot;credit&quot;:&quot;&quot;,&quot;camera&quot;:&quot;&quot;,&quot;caption&quot;:&quot;&quot;,&quot;created_timestamp&quot;:&quot;0&quot;,&quot;copyright&quot;:&quot;&quot;,&quot;focal_length&quot;:&quot;0&quot;,&quot;iso&quot;:&quot;0&quot;,&quot;shutter_speed&quot;:&quot;0&quot;,&quot;title&quot;:&quot;&quot;,&quot;orientation&quot;:&quot;1&quot;}\" data-image-title=\"South Texas Rep. Monica De La Cruz poses with President Donald Trump\" data-image-description=\"\" data-image-caption=\"&lt;p&gt;South Texas Rep. Monica De La Cruz poses with President Donald Trump&lt;\/p&gt;&#10;\" data-medium-file=\"https:\/\/i0.wp.com\/www.sacurrent.com\/wp-content\/uploads\/2026\/03\/IMG_1374.jpg?fit=300%2C300&amp;ssl=1\" data-large-file=\"https:\/\/i0.wp.com\/www.sacurrent.com\/wp-content\/uploads\/2026\/03\/IMG_1374.jpg?fit=780%2C780&amp;ssl=1\" src=\"https:\/\/www.newsbeep.com\/us-tx\/wp-content\/uploads\/2026\/03\/IMG_1374.jpg\" alt=\"\" class=\"wp-image-399221\"  \/>U.S. Rep. Monica De La Cruz poses with President Donald Trump during his March 6 Texas visit. Credit: Facebook \/ Monica De La Cruz<\/p>\n<p>Castro avoided speaking directly about his Republican colleague at the press conference. However, Representative Barrag\u00e1n said in an <a href=\"https:\/\/www.instagram.com\/reel\/DVrRyKmAA1V\/?igsh=MWVmM2Z6M3VqaHRuaQ==\" rel=\"nofollow noopener\" target=\"_blank\">Instagram video<\/a> following the visit that she\u2019d asked the G\u00e1mez-Cu\u00e9llar family if De La Cruz had done anything to help them.<\/p>\n<p>\u201cThey specifically said \u2018no,\u2019 Barrag\u00e1n said.<\/p>\n<p>The rest of the family was released from Dilley while the congressional representatives visited the facility.<\/p>\n<p>The G\u00e1mez-Cu\u00e9llar family was detained at an ICE check-in appointment on Feb. 25. They crossed the border from Mexico legally in 2023 to seek asylum after father Lu\u00eds Antonio Mart\u00ednez had reportedly been kidnapped by cartel members.<\/p>\n<p>The sons have received numerous honors for their musical abilities since relocating to Texas. Nine months ago, Antonio Yesayahu G\u00e1mez-Cu\u00e9llar, 18, and Caleb G\u00e1mez-Cu\u00e9llar, 14, were honored in Washington D.C. for winning a statewide mariachi competition in Texas.<\/p>\n<p><img loading=\"lazy\" data-recalc-dims=\"1\" decoding=\"async\" width=\"780\" height=\"585\" data-attachment-id=\"399220\" data-permalink=\"https:\/\/www.sacurrent.com\/news\/san-antonio-news\/mcallen-mariachi-family-released-from-detention-during-visit-from-san-antonio-rep-joaquin-castro\/attachment\/castro-press-conference-dilley\/\" data-orig-file=\"https:\/\/i0.wp.com\/www.sacurrent.com\/wp-content\/uploads\/2026\/03\/Castro-press-conference-Dilley-scaled.jpg?fit=2560%2C1920&amp;ssl=1\" data-orig-size=\"2560,1920\" data-comments-opened=\"0\" data-image-meta=\"{&quot;aperture&quot;:&quot;0&quot;,&quot;credit&quot;:&quot;&quot;,&quot;camera&quot;:&quot;&quot;,&quot;caption&quot;:&quot;&quot;,&quot;created_timestamp&quot;:&quot;0&quot;,&quot;copyright&quot;:&quot;&quot;,&quot;focal_length&quot;:&quot;0&quot;,&quot;iso&quot;:&quot;0&quot;,&quot;shutter_speed&quot;:&quot;0&quot;,&quot;title&quot;:&quot;&quot;,&quot;orientation&quot;:&quot;0&quot;}\" data-image-title=\"Castro press conference Dilley\" data-image-description=\"\" data-image-caption=\"&lt;p&gt;Congressman Joaquin Castro speaks at a press conference at City Hall following a March 9 visit to Dilley\u2019s South Texas Family Residential Center.&lt;\/p&gt;&#10;\" data-medium-file=\"https:\/\/i0.wp.com\/www.sacurrent.com\/wp-content\/uploads\/2026\/03\/Castro-press-conference-Dilley-scaled.jpg?fit=300%2C225&amp;ssl=1\" data-large-file=\"https:\/\/i0.wp.com\/www.sacurrent.com\/wp-content\/uploads\/2026\/03\/Castro-press-conference-Dilley-scaled.jpg?fit=780%2C585&amp;ssl=1\" src=\"https:\/\/www.newsbeep.com\/us-tx\/wp-content\/uploads\/2026\/03\/Castro-press-conference-Dilley.jpg\" alt=\"\" class=\"wp-image-399220\"  \/>Congressman Joaquin Castro speaks at a press conference at City Hall following a March 9 visit to Dilley\u2019s South Texas Family Residential Center. Credit: Stephanie Koithan<\/p>\n<p>\u201cThe great irony and hypocrisy is that these young men were good enough to perform at the United States Capitol Building. That they were not considered any kind of a security threat to our country,\u201d Castro said at the City Hall press conference, joined by advocacy group Forward.Us, some of the Congressional representatives and San Antonio Mayor Gina Ortiz Jones. \u201cAnd they go from that last summer \u2014 less than a year ago \u2014 to sitting in a trailer prison.\u201d<\/p>\n<p>Antonio G\u00e1mez-Cu\u00e9llar is a high school senior and first-chair mariachi trumpet for the entire state of Texas.\u00a0Because he\u2019s 18, he was separated from the rest of his family and detained in Raymondville. Castro said the young man\u2019s father began crying as he described the sight of his teenage son being shackled on his arms and legs and led away by federal agents. <\/p>\n<p>\u201cThey felt like their sons had been used in a way because they had gone out to the Capitol to perform in front of Congress, and at the same time they felt like this was a statement, that they were somehow not good enough,\u201d Castro said.<\/p>\n<p>A national outcry for the family\u2019s release erupted over the weekend following news reports of their arrest and detention.<\/p>\n<p>As of Monday afternoon, the family has been reunited and returned to their home in McAllen while their immigration case moves forward.<\/p>\n<p class=\"has-normal-font-size\"><a href=\"https:\/\/www.sacurrent.com\/sanantonio\/NewsletterSignup\/Page\" rel=\"nofollow noopener\" target=\"_blank\">Sign Up for SA Current newsletters.<\/a><\/p>\n<p class=\"has-normal-font-size\">Follow us:\u00a0<a href=\"https:\/\/apple.news\/TiFMu3wPkRj6PC4xS5L36bg\" rel=\"nofollow noopener\" target=\"_blank\">Apple News<\/a>\u00a0|\u00a0<a href=\"https:\/\/news.google.com\/publications\/CAAqKAgKIiJDQklTRXdnTWFnOEtEWE5oWTNWeWNtVnVkQzVqYjIwb0FBUAE?hl=en-US&amp;gl=US&amp;ceid=US%3Aen\" rel=\"nofollow noopener\" target=\"_blank\">Google News<\/a>\u00a0|\u00a0<a href=\"https:\/\/www.newsbreak.com\/@c\/1599768?s=01\" rel=\"nofollow noopener\" target=\"_blank\">NewsBreak<\/a>\u00a0|\u00a0<a href=\"https:\/\/www.reddit.com\/r\/SanAntonio_Current\/\" rel=\"nofollow noopener\" target=\"_blank\">Reddit<\/a>\u00a0|\u00a0<a href=\"https:\/\/instagram.com\/sacurrent\" rel=\"nofollow noopener\" target=\"_blank\">Instagram<\/a>\u00a0|\u00a0<a href=\"https:\/\/www.facebook.com\/sacurrent\" rel=\"nofollow noopener\" target=\"_blank\">Facebook\u00a0<\/a>| <a href=\"https:\/\/twitter.com\/SAcurrent\" rel=\"nofollow noopener\" target=\"_blank\">Twitter<\/a>\u00a0| Or sign up for our\u00a0<a href=\"https:\/\/www.sacurrent.com\/feed\/?partner-feed=all\" rel=\"nofollow noopener\" target=\"_blank\">RSS Feed<\/a><\/p>\n<p>Related Stories<\/p>\n<p>\t\t\t\t\t\t\t\t<a href=\"https:\/\/www.sacurrent.com\/news\/san-antonio-news\/mcallen-mariachi-family-released-from-detention-during-visit-from-san-antonio-rep-joaquin-castro\/\" rel=\"bookmark nofollow noopener\" tabindex=\"-1\" aria-hidden=\"true\" target=\"_blank\"><br \/>\n\t\t\t\t\t\t\t\t\t\t\t\t<img loading=\"lazy\" decoding=\"async\" width=\"800\" height=\"600\" src=\"https:\/\/www.newsbeep.com\/us-tx\/wp-content\/uploads\/2026\/03\/1773104590_893_Screenshot-2026-03-09-at-5.44.37-PM.png\" class=\"attachment-newspack-article-block-landscape-medium size-newspack-article-block-landscape-medium wp-post-image\" alt=\"McAllen mariachi family released from detention during visit from San Antonio Rep. Joaquin Castro\" data-hero-candidate=\"1\"   data-attachment-id=\"399218\" data-permalink=\"https:\/\/www.sacurrent.com\/news\/san-antonio-news\/mcallen-mariachi-family-released-from-detention-during-visit-from-san-antonio-rep-joaquin-castro\/attachment\/screenshot-2026-03-09-at-5-44-37-pm\/\" data-orig-file=\"https:\/\/i0.wp.com\/www.sacurrent.com\/wp-content\/uploads\/2026\/03\/Screenshot-2026-03-09-at-5.44.37-PM.png?fit=1000%2C661&amp;ssl=1\" data-orig-size=\"1000,661\" data-comments-opened=\"0\" data-image-meta=\"{&quot;aperture&quot;:&quot;0&quot;,&quot;credit&quot;:&quot;&quot;,&quot;camera&quot;:&quot;&quot;,&quot;caption&quot;:&quot;&quot;,&quot;created_timestamp&quot;:&quot;0&quot;,&quot;copyright&quot;:&quot;&quot;,&quot;focal_length&quot;:&quot;0&quot;,&quot;iso&quot;:&quot;0&quot;,&quot;shutter_speed&quot;:&quot;0&quot;,&quot;title&quot;:&quot;&quot;,&quot;orientation&quot;:&quot;0&quot;}\" data-image-title=\"G\u00e1mez-Cu\u00e9llar family released\" data-image-description=\"\" data-image-caption=\"&lt;p&gt;The G\u00e1mez-Cu\u00e9llar family was release during a visit from San Antonio Congressman Joaquin Castro and several other democratic representatives from around the country.&lt;\/p&gt;&#10;\" data-medium-file=\"https:\/\/i0.wp.com\/www.sacurrent.com\/wp-content\/uploads\/2026\/03\/Screenshot-2026-03-09-at-5.44.37-PM.png?fit=300%2C198&amp;ssl=1\" data-large-file=\"https:\/\/i0.wp.com\/www.sacurrent.com\/wp-content\/uploads\/2026\/03\/Screenshot-2026-03-09-at-5.44.37-PM.png?fit=780%2C516&amp;ssl=1\"\/>\t\t\t\t\t\t\t\t\t\t\t\t<\/a><\/p>\n<p>\n\t\t\t\t\tTwo of the sons were celebrated in Washington, D.C., last year after winning a statewide mariachi competition. \t\t\t\t<\/p>\n<p>\t\t\t\t\t\t\t\t<a href=\"https:\/\/www.sacurrent.com\/news\/san-antonio-news\/texas-dems-cheer-noems-firing-but-say-it-wont-halt-trumps-anti-immigrant-agenda\/\" rel=\"bookmark nofollow noopener\" tabindex=\"-1\" aria-hidden=\"true\" target=\"_blank\"><br \/>\n\t\t\t\t\t\t\t\t\t\t\t\t<img loading=\"lazy\" decoding=\"async\" width=\"800\" height=\"600\" src=\"https:\/\/www.newsbeep.com\/us-tx\/wp-content\/uploads\/2026\/03\/1773104590_824_noem.webp.jpeg\" class=\"attachment-newspack-article-block-landscape-medium size-newspack-article-block-landscape-medium wp-post-image\" alt=\"Texas Dems cheer Noem\u2019s firing but say it won\u2019t halt Trump\u2019s anti-immigrant agenda\" data-hero-candidate=\"1\"   data-attachment-id=\"339558\" data-permalink=\"https:\/\/www.sacurrent.com\/news\/kerrville-city-manager-reportedly-referred-to-kristi-noem-as-homeland-barbie-in-text-messages-38107518\/attachment\/noem\/\" data-orig-file=\"https:\/\/i0.wp.com\/www.sacurrent.com\/wp-content\/uploads\/2025\/07\/noem.webp?fit=1000%2C667&amp;ssl=1\" data-orig-size=\"1000,667\" data-comments-opened=\"1\" data-image-meta=\"{&quot;aperture&quot;:&quot;0&quot;,&quot;credit&quot;:&quot;&quot;,&quot;camera&quot;:&quot;&quot;,&quot;caption&quot;:&quot;&quot;,&quot;created_timestamp&quot;:&quot;0&quot;,&quot;copyright&quot;:&quot;&quot;,&quot;focal_length&quot;:&quot;0&quot;,&quot;iso&quot;:&quot;0&quot;,&quot;shutter_speed&quot;:&quot;0&quot;,&quot;title&quot;:&quot;&quot;,&quot;orientation&quot;:&quot;0&quot;}\" data-image-title=\"noem\" data-image-description=\"&lt;p&gt;Kristi Noem makes a sad face during an interview.&lt;\/p&gt;&#10;\" data-image-caption=\"&lt;p&gt;Kristi Noem makes a sad face during an interview.&lt;\/p&gt;&#10;\" data-medium-file=\"https:\/\/i0.wp.com\/www.sacurrent.com\/wp-content\/uploads\/2025\/07\/noem.webp?fit=300%2C200&amp;ssl=1\" data-large-file=\"https:\/\/i0.wp.com\/www.sacurrent.com\/wp-content\/uploads\/2025\/07\/noem.webp?fit=780%2C520&amp;ssl=1\"\/>\t\t\t\t\t\t\t\t\t\t\t\t<\/a><\/p>\n<p>\n\t\t\t\t\t \u2018Despite her removal, Trump\u2019s cruel mass deportation campaign rages on,\u2019 Rep. Joaquin Castro said. \u2018The Congress must hold her and her successor accountable.\u2019\t\t\t\t<\/p>\n<p>\t\t\t\t\t\t\t\t<a href=\"https:\/\/www.sacurrent.com\/news\/texas-news\/ice-moving-toward-closing-el-paso-detention-camp-report-says\/\" rel=\"bookmark nofollow noopener\" tabindex=\"-1\" aria-hidden=\"true\" target=\"_blank\"><br \/>\n\t\t\t\t\t\t\t\t\t\t\t\t<img loading=\"lazy\" decoding=\"async\" width=\"1200\" height=\"900\" src=\"https:\/\/www.newsbeep.com\/us-tx\/wp-content\/uploads\/2026\/03\/1773104590_821_Camp.jpg\" class=\"attachment-newspack-article-block-landscape-large size-newspack-article-block-landscape-large wp-post-image\" alt=\"ICE moving toward closing El Paso detention camp, report says\" data-hero-candidate=\"1\"   data-attachment-id=\"398704\" data-permalink=\"https:\/\/www.sacurrent.com\/news\/texas-news\/ice-moving-toward-closing-el-paso-detention-camp-report-says\/attachment\/camp\/\" data-orig-file=\"https:\/\/i0.wp.com\/www.sacurrent.com\/wp-content\/uploads\/2026\/03\/Camp.jpg?fit=2048%2C1366&amp;ssl=1\" data-orig-size=\"2048,1366\" data-comments-opened=\"0\" data-image-meta=\"{&quot;aperture&quot;:&quot;0&quot;,&quot;credit&quot;:&quot;&quot;,&quot;camera&quot;:&quot;&quot;,&quot;caption&quot;:&quot;&quot;,&quot;created_timestamp&quot;:&quot;0&quot;,&quot;copyright&quot;:&quot;&quot;,&quot;focal_length&quot;:&quot;0&quot;,&quot;iso&quot;:&quot;0&quot;,&quot;shutter_speed&quot;:&quot;0&quot;,&quot;title&quot;:&quot;&quot;,&quot;orientation&quot;:&quot;1&quot;}\" data-image-title=\"Camp\" data-image-description=\"&lt;p&gt;The Camp East Montana detention facility, located on the outskirts of El Paso at Fort Bliss, is seen on Sept. 7, 2025.&lt;\/p&gt;&#10;\" data-image-caption=\"&lt;p&gt;The Camp East Montana detention facility, located on the outskirts of El Paso at Fort Bliss, is seen on Sept. 7, 2025.&lt;\/p&gt;&#10;\" data-medium-file=\"https:\/\/i0.wp.com\/www.sacurrent.com\/wp-content\/uploads\/2026\/03\/Camp.jpg?fit=300%2C200&amp;ssl=1\" data-large-file=\"https:\/\/i0.wp.com\/www.sacurrent.com\/wp-content\/uploads\/2026\/03\/Camp.jpg?fit=780%2C520&amp;ssl=1\"\/>\t\t\t\t\t\t\t\t\t\t\t\t<\/a><\/p>\n<p>\n\t\t\t\t\tThe Washington Post reported that a document was distributed to ICE staff indicating the agency was drafting a letter to potentially terminate the facility\u2019s $1.2 billion contract.\t\t\t\t<\/p>\n<p>\t<script async src=\"https:\/\/platform.twitter.com\/widgets.js\" charset=\"utf-8\"><\/script><script async src=\"\/\/www.instagram.com\/embed.js\"><\/script><\/p>\n","protected":false},"excerpt":{"rendered":"The G\u00e1mez-Cu\u00e9llar family was released during a visit from San Antonio Congressman Joaquin Castro and other Democratic lawmakers&hellip;\n","protected":false},"author":2,"featured_media":197489,"comment_status":"","ping_status":"","sticky":false,"template":"","format":"standard","meta":{"footnotes":""},"categories":[8],"tags":[71755,58165,1829,3647,21085,78076,1478,5023,82,84,83,57791],"class_list":{"0":"post-197488","1":"post","2":"type-post","3":"status-publish","4":"format-standard","5":"has-post-thumbnail","7":"category-san-antonio","8":"tag-congresswoman-monica-de-la-cruz","9":"tag-dilley","10":"tag-ice","11":"tag-immigration-and-customs-enforcement","12":"tag-joaquin-castro","13":"tag-mariachi-family","14":"tag-mcallen","15":"tag-monica-de-la-cruz","16":"tag-san-antonio","17":"tag-san-antonio-headlines","18":"tag-san-antonio-news","19":"tag-south-texas-family-residential-center"},"_links":{"self":[{"href":"https:\/\/www.newsbeep.com\/us-tx\/wp-json\/wp\/v2\/posts\/197488","targetHints":{"allow":["GET"]}}],"collection":[{"href":"https:\/\/www.newsbeep.com\/us-tx\/wp-json\/wp\/v2\/posts"}],"about":[{"href":"https:\/\/www.newsbeep.com\/us-tx\/wp-json\/wp\/v2\/types\/post"}],"author":[{"embeddable":true,"href":"https:\/\/www.newsbeep.com\/us-tx\/wp-json\/wp\/v2\/users\/2"}],"replies":[{"embeddable":true,"href":"https:\/\/www.newsbeep.com\/us-tx\/wp-json\/wp\/v2\/comments?post=197488"}],"version-history":[{"count":0,"href":"https:\/\/www.newsbeep.com\/us-tx\/wp-json\/wp\/v2\/posts\/197488\/revisions"}],"wp:featuredmedia":[{"embeddable":true,"href":"https:\/\/www.newsbeep.com\/us-tx\/wp-json\/wp\/v2\/media\/197489"}],"wp:attachment":[{"href":"https:\/\/www.newsbeep.com\/us-tx\/wp-json\/wp\/v2\/media?parent=197488"}],"wp:term":[{"taxonomy":"category","embeddable":true,"href":"https:\/\/www.newsbeep.com\/us-tx\/wp-json\/wp\/v2\/categories?post=197488"},{"taxonomy":"post_tag","embeddable":true,"href":"https:\/\/www.newsbeep.com\/us-tx\/wp-json\/wp\/v2\/tags?post=197488"}],"curies":[{"name":"wp","href":"https:\/\/api.w.org\/{rel}","templated":true}]}}