{"id":255804,"date":"2026-04-18T14:51:27","date_gmt":"2026-04-18T14:51:27","guid":{"rendered":"https:\/\/www.newsbeep.com\/us-tx\/255804\/"},"modified":"2026-04-18T14:51:27","modified_gmt":"2026-04-18T14:51:27","slug":"ejecucion-del-plan-de-accion-de-mar-del-plata-en-el-plano-regional-nota-de-la-secretaria-implementation-of-the-mar-del-plata-action-plan-at-the-regional-level-note-by-the-secretariat","status":"publish","type":"post","link":"https:\/\/www.newsbeep.com\/us-tx\/255804\/","title":{"rendered":"Ejecuci\u00f3n del Plan de Acci\u00f3n de Mar del Plata en el plano regional: nota de la Secretar\u00eda = Implementation of the Mar del Plata Action Plan at the regional level: note by the Secretariat"},"content":{"rendered":"<p>    Ejecuci\u00f3n del Plan de Acci\u00f3n de Mar del Plata en el plano regional: nota de la Secretar\u00eda = Implementation of the Mar del Plata Action Plan at the regional level: note by the Secretariat | Economic Commission for Latin America and the Caribbean<\/p>\n<p>        <a href=\"#main-content\" class=\"visually-hidden focusable\"><br \/>\n      Skip to main content<br \/>\n    <\/a><\/p>\n<p>                            <a href=\"#main-content\" id=\"main-content\" tabindex=\"-1\"\/><\/p>\n<p>    1 Jan 1979<\/p>\n<p>\t\t\t|<\/p>\n<p>\tPublication<\/p>\n<p>                  <img decoding=\"async\" src=\"https:\/\/repositorio.cepal.org\/server\/api\/core\/bitstreams\/cd350f37-fd5f-4c3f-ad07-0a3d6abfcb0c\/content\" class=\"card-img-top\" alt=\"\"\/><\/p>\n<p>              Ejecuci\u00f3n del Plan de Acci\u00f3n de Mar del Plata en el plano regional: nota de la Secretar\u00eda = Implementation of the Mar del Plata Action Plan at the regional level: note by the Secretariat<\/p>\n<p>                                Publication type: Session of the Commission<\/p>\n<p>                                Publication corporate author (Institutional author): NU. CEPAL<\/p>\n<p>                                Physical description: 14 p\u00e1ginas.<\/p>\n<p>                                Publisher: CEPAL<\/p>\n<p>                                UN symbol (Signature): E\/CEPAL\/1077<\/p>\n<p>                                Date: January, 1979<\/p>\n","protected":false},"excerpt":{"rendered":"Ejecuci\u00f3n del Plan de Acci\u00f3n de Mar del Plata en el plano regional: nota de la Secretar\u00eda =&hellip;\n","protected":false},"author":2,"featured_media":255805,"comment_status":"","ping_status":"","sticky":false,"template":"","format":"standard","meta":{"footnotes":""},"categories":[15],"tags":[160,162,161],"class_list":{"0":"post-255804","1":"post","2":"type-post","3":"status-publish","4":"format-standard","5":"has-post-thumbnail","7":"category-plano","8":"tag-plano","9":"tag-plano-headlines","10":"tag-plano-news"},"_links":{"self":[{"href":"https:\/\/www.newsbeep.com\/us-tx\/wp-json\/wp\/v2\/posts\/255804","targetHints":{"allow":["GET"]}}],"collection":[{"href":"https:\/\/www.newsbeep.com\/us-tx\/wp-json\/wp\/v2\/posts"}],"about":[{"href":"https:\/\/www.newsbeep.com\/us-tx\/wp-json\/wp\/v2\/types\/post"}],"author":[{"embeddable":true,"href":"https:\/\/www.newsbeep.com\/us-tx\/wp-json\/wp\/v2\/users\/2"}],"replies":[{"embeddable":true,"href":"https:\/\/www.newsbeep.com\/us-tx\/wp-json\/wp\/v2\/comments?post=255804"}],"version-history":[{"count":0,"href":"https:\/\/www.newsbeep.com\/us-tx\/wp-json\/wp\/v2\/posts\/255804\/revisions"}],"wp:featuredmedia":[{"embeddable":true,"href":"https:\/\/www.newsbeep.com\/us-tx\/wp-json\/wp\/v2\/media\/255805"}],"wp:attachment":[{"href":"https:\/\/www.newsbeep.com\/us-tx\/wp-json\/wp\/v2\/media?parent=255804"}],"wp:term":[{"taxonomy":"category","embeddable":true,"href":"https:\/\/www.newsbeep.com\/us-tx\/wp-json\/wp\/v2\/categories?post=255804"},{"taxonomy":"post_tag","embeddable":true,"href":"https:\/\/www.newsbeep.com\/us-tx\/wp-json\/wp\/v2\/tags?post=255804"}],"curies":[{"name":"wp","href":"https:\/\/api.w.org\/{rel}","templated":true}]}}