{"id":258538,"date":"2026-04-20T22:47:47","date_gmt":"2026-04-20T22:47:47","guid":{"rendered":"https:\/\/www.newsbeep.com\/us-tx\/258538\/"},"modified":"2026-04-20T22:47:47","modified_gmt":"2026-04-20T22:47:47","slug":"el-paso-libraries-raising-canes-team-up-for-book-drive","status":"publish","type":"post","link":"https:\/\/www.newsbeep.com\/us-tx\/258538\/","title":{"rendered":"El Paso Libraries, Raising Cane\u2019s team up for book drive"},"content":{"rendered":"<p class=\"mb-4 text-lg md:leading-8 break-words\">EL PASO, Texas (<a href=\"http:\/\/www.ktsm.com\" rel=\"nofollow noopener\" target=\"_blank\" data-ylk=\"slk:KTSM;elm:context_link;itc:0;sec:content-canvas\" data-yga=\"{&quot;yLinkElement&quot;:&quot;context_link&quot;,&quot;yModuleName&quot;:&quot;content-canvas&quot;,&quot;yLinkText&quot;:&quot;KTSM&quot;}\" class=\"link \">KTSM<\/a>) \u2014 In honor of National Library Week, the El Paso Public Libraries will be hosting a book drive, and the collected books will be distributed to children during the D\u00eda de los Ni\u00f1os, D\u00eda de los Libros celebration.<\/p>\n<p class=\"mb-4 text-lg md:leading-8 break-words\">The book drive, in collaboration with Raising Cane\u2019s, will be held from 4 to 7 p.m. on Thursday, April 23 at 675 Sunland Park Dr.<\/p>\n<p class=\"mb-4 text-lg md:leading-8 break-words\">In addition to the book drive, the event will feature appearances by the Public Libraries mascot, LEA, on-site library card registration and a visit from the Bookmobile.<\/p>\n<p class=\"mb-4 text-lg md:leading-8 break-words\">\u201cEl Paso Public Libraries is excited to continue its partnership with Raising Cane\u2019s to foster a love of reading among our youth,\u201d El Paso Public Libraries Director Norma Martinez said. \u201cTheir continued support has helped us provide thousands of free books to local families and shows the impact strong community partnerships can make.\u201d<\/p>\n<p class=\"mb-4 text-lg md:leading-8 break-words\">All donated books collected from the book drive will be distributed to children during the 30th annual D\u00eda de los Ni\u00f1os, D\u00eda de los Libros celebration, happening on Saturday, April 25 at Pavo Real Park, located at 9301 Alameda Ave.<\/p>\n<p class=\"mb-4 text-lg md:leading-8 break-words\">\u201cWe\u2019re excited to support literacy and partner with the library to make a real difference for families across El Paso,\u201d Area Leader Lawrence Juarez said. \u201cProviding access to books helps spark curiosity and encourages lifelong learning.\u201d<\/p>\n<p class=\"mb-4 text-lg md:leading-8 break-words\">For more information about the book drive or El Paso Public Libraries, you can visit their <a href=\"https:\/\/www.elpasolibrary.org\/\" rel=\"nofollow noopener\" target=\"_blank\" data-ylk=\"slk:website;elm:context_link;itc:0;sec:content-canvas\" data-yga=\"{&quot;yLinkElement&quot;:&quot;context_link&quot;,&quot;yModuleName&quot;:&quot;content-canvas&quot;,&quot;yLinkText&quot;:&quot;website&quot;}\" class=\"link \">website<\/a>.<\/p>\n<p class=\"mb-4 text-lg md:leading-8 break-words\">Copyright 2026 Nexstar Media, Inc. All rights reserved. This material may not be published, broadcast, rewritten, or redistributed.<\/p>\n<p class=\"mb-4 text-lg md:leading-8 break-words\"><a href=\"https:\/\/www.ktsm.com\" rel=\"nofollow noopener\" target=\"_blank\" data-ylk=\"slk:For the latest news, weather, sports, and streaming video, head to KTSM 9 News.;elm:context_link;itc:0;sec:content-canvas\" data-yga=\"{&quot;yLinkElement&quot;:&quot;context_link&quot;,&quot;yModuleName&quot;:&quot;content-canvas&quot;,&quot;yLinkText&quot;:&quot;For the latest news, weather, sports, and streaming video, head to KTSM 9 News.&quot;}\" class=\"link \"> For the latest news, weather, sports, and streaming video, head to KTSM 9 News. <\/a><\/p>\n","protected":false},"excerpt":{"rendered":"EL PASO, Texas (KTSM) \u2014 In honor of National Library Week, the El Paso Public Libraries will be&hellip;\n","protected":false},"author":2,"featured_media":258539,"comment_status":"","ping_status":"","sticky":false,"template":"","format":"standard","meta":{"footnotes":""},"categories":[12],"tags":[25350,96999,138,140,139,35939,35942,19974],"class_list":{"0":"post-258538","1":"post","2":"type-post","3":"status-publish","4":"format-standard","5":"has-post-thumbnail","7":"category-el-paso","8":"tag-book-drive","9":"tag-dia-de-los-ninos","10":"tag-el-paso","11":"tag-el-paso-headlines","12":"tag-el-paso-news","13":"tag-el-paso-public-libraries","14":"tag-public-libraries","15":"tag-raising-canes"},"_links":{"self":[{"href":"https:\/\/www.newsbeep.com\/us-tx\/wp-json\/wp\/v2\/posts\/258538","targetHints":{"allow":["GET"]}}],"collection":[{"href":"https:\/\/www.newsbeep.com\/us-tx\/wp-json\/wp\/v2\/posts"}],"about":[{"href":"https:\/\/www.newsbeep.com\/us-tx\/wp-json\/wp\/v2\/types\/post"}],"author":[{"embeddable":true,"href":"https:\/\/www.newsbeep.com\/us-tx\/wp-json\/wp\/v2\/users\/2"}],"replies":[{"embeddable":true,"href":"https:\/\/www.newsbeep.com\/us-tx\/wp-json\/wp\/v2\/comments?post=258538"}],"version-history":[{"count":0,"href":"https:\/\/www.newsbeep.com\/us-tx\/wp-json\/wp\/v2\/posts\/258538\/revisions"}],"wp:featuredmedia":[{"embeddable":true,"href":"https:\/\/www.newsbeep.com\/us-tx\/wp-json\/wp\/v2\/media\/258539"}],"wp:attachment":[{"href":"https:\/\/www.newsbeep.com\/us-tx\/wp-json\/wp\/v2\/media?parent=258538"}],"wp:term":[{"taxonomy":"category","embeddable":true,"href":"https:\/\/www.newsbeep.com\/us-tx\/wp-json\/wp\/v2\/categories?post=258538"},{"taxonomy":"post_tag","embeddable":true,"href":"https:\/\/www.newsbeep.com\/us-tx\/wp-json\/wp\/v2\/tags?post=258538"}],"curies":[{"name":"wp","href":"https:\/\/api.w.org\/{rel}","templated":true}]}}